{"id":76,"date":"2019-08-12T23:05:05","date_gmt":"2019-08-12T23:05:05","guid":{"rendered":"http:\/\/sail-mirella.de\/?p=76"},"modified":"2020-01-10T19:51:53","modified_gmt":"2020-01-10T18:51:53","slug":"sonntag-12-08","status":"publish","type":"post","link":"http:\/\/sail-mirella.de\/?p=76","title":{"rendered":"1. Abschied"},"content":{"rendered":"<p>Ich erwachte sehr fr\u00fch da, mein K\u00f6rper \u00fcberall schmerzte und Stephie viel Platz in der Koje beanspruchte . Da ich wusste, das ich nicht wieder einschlafen konnte, stand ich auf, fand bei google eine vielversprechende Steinofen B\u00e4ckerei in Fu\u00dflauf n\u00e4he, die um 7, also in einer halben Stunde, aufmachen sollte. Da mit dem R\u00fccken spazieren gehen bestimmt gut war (ich glaube ich sah aus wie ein Fragezeichen), lies ich das Auto stehen und machte\u00a0 mich auf dem Weg und war kurz vor 7 an der B\u00e4ckerei, die schon aufhatte und einen wunderbaren Brot und Backwaren Duft verstr\u00f6mte. Hier gab es noch richtige Sauerteig Brote und Br\u00f6tchen, leckeren Kuchen, alles richtig mit Liebe von Hand gemacht. Hier deckte ich uns mit Brot Vorr\u00e4ten f\u00fcr den Tag und Bulle (schwedisches Hefegeb\u00e4ck) ein. Der Spaziergang zur\u00fcck lies mich ein wenig entspannen, richtig gut wurde es aber erst Tage sp\u00e4ter.<\/p>\n<p>An Bord war Stephie auch wach und so gab es ein wunderbares Fr\u00fchst\u00fcck um uns f\u00fcr den Endspurt zu st\u00e4rken.<\/p>\n<p>Wir machten w\u00e4hrenddessen schon diverse T\u00f6pfe Wasser hei\u00df, denn Stephie wollte schon mal anfangen zu schrubben w\u00e4ren dich noch letzte Montagen machte, und Anfing das Werkzeug und Material zu sortieren, geht zur\u00fcck nach Kiel, brauchen wir noch an Bord. Das Boot wurde von vorn nach hinten geschrubbt, ich schloss noch den Plotter an, verdrahtete das Ladeger\u00e4t und den Landanschluss, nun konnten die Akkus auch richtig geladen werden.<\/p>\n<p>Danach fuhren wir erstmal zum Shop, Etan kaufen und noch 2 Quickteile f\u00fcr das Wassersystem, um die Heckdusche fertig anzuschlie\u00dfen. Zur\u00fcck an Bord, es war schon 14 Uhr, R\u00e4umte ich jetzt das Boot aus, und unsere Eink\u00e4ufe und Taschen an Bord, w\u00e4hrend Stephie alles im Boot verstaute, packte ich die Dachbox und das Auto, diesmal war genug Platz zum schlafen, was wir hofften auf der Fahrt dann irgendwo machen zu k\u00f6nnen. Um 19.00 Uhr lief dann die Heckdusche, und das Boot war so Traumhaft hergerichtet, das man am liebsten gleich losgefahren w\u00e4re. Am letzetn Tag im Apartment hatten wir alle Polsterbez\u00fcge gewaschen, die wir nun wieder drauf gezogen hatten, das \u00d6lzeug hing im Schrank, der K\u00fchlschrank lief, wir hatten (fast) alles geschafft was wir wollten, Mirella war bereit f\u00fcr die gro\u00dfe Reise.<\/p>\n<p>Ein letztes Mal zu \u201eunserem\u201c Coop um die Ecke, um Skager\u00f6ra, R\u00e4kor und Kalles Kaviar Vorr\u00e4te f\u00fcr zuhause und die Reise einzukaufen, dann beim Losfahren fiel uns ein, wir wollten noch mit Tomas in den Keller, wo er noch diverse Ersatzteile liegen hatte. Das sollte schon Freitag oder Samstag passieren, doch da war das Auto immer noch so vollgepackt, das wir nichts neues reinladen wollten.<\/p>\n<p>Ein kurzer Anruf, zum Gl\u00fcck war er da und wohnte auch direkt neben dem Laden. So kamen um 20.30 Uhr endlich los 930 km vor dem Auto, m\u00fcde und beide kaputt aber gl\u00fccklich mit dem geschafften und der Aussicht n\u00e4chsten Freitag wieder zu kommen und Mirella dann nach Hause zu bringen. Am Ende fuhren wir die ganze Nacht durch, abwechselnd, waren um 7.20 Uhr in der Firma, konnten noch Duschen und waren p\u00fcnktlich um 8 zur Besprechung am Tisch. Besser konnte man die Woche nicht nutzen!!!<\/p>\n","protected":false},"excerpt":{"rendered":"<p>Ich erwachte sehr fr\u00fch da, mein K\u00f6rper \u00fcberall schmerzte und Stephie viel Platz in der Koje beanspruchte . Da ich wusste, das ich nicht wieder einschlafen konnte, stand ich auf, fand bei google eine vielversprechende Steinofen B\u00e4ckerei in Fu\u00dflauf n\u00e4he, die um 7, also in einer halben Stunde, aufmachen sollte. Da mit dem R\u00fccken spazieren &hellip; <\/p>\n<p class=\"link-more\"><a href=\"http:\/\/sail-mirella.de\/?p=76\" class=\"more-link\"><span class=\"screen-reader-text\">\u201e1. Abschied\u201c<\/span> weiterlesen<\/a><\/p>\n","protected":false},"author":1,"featured_media":93,"comment_status":"open","ping_status":"open","sticky":false,"template":"","format":"standard","meta":{"footnotes":""},"categories":[1],"tags":[],"_links":{"self":[{"href":"http:\/\/sail-mirella.de\/index.php?rest_route=\/wp\/v2\/posts\/76"}],"collection":[{"href":"http:\/\/sail-mirella.de\/index.php?rest_route=\/wp\/v2\/posts"}],"about":[{"href":"http:\/\/sail-mirella.de\/index.php?rest_route=\/wp\/v2\/types\/post"}],"author":[{"embeddable":true,"href":"http:\/\/sail-mirella.de\/index.php?rest_route=\/wp\/v2\/users\/1"}],"replies":[{"embeddable":true,"href":"http:\/\/sail-mirella.de\/index.php?rest_route=%2Fwp%2Fv2%2Fcomments&post=76"}],"version-history":[{"count":5,"href":"http:\/\/sail-mirella.de\/index.php?rest_route=\/wp\/v2\/posts\/76\/revisions"}],"predecessor-version":[{"id":218,"href":"http:\/\/sail-mirella.de\/index.php?rest_route=\/wp\/v2\/posts\/76\/revisions\/218"}],"wp:featuredmedia":[{"embeddable":true,"href":"http:\/\/sail-mirella.de\/index.php?rest_route=\/wp\/v2\/media\/93"}],"wp:attachment":[{"href":"http:\/\/sail-mirella.de\/index.php?rest_route=%2Fwp%2Fv2%2Fmedia&parent=76"}],"wp:term":[{"taxonomy":"category","embeddable":true,"href":"http:\/\/sail-mirella.de\/index.php?rest_route=%2Fwp%2Fv2%2Fcategories&post=76"},{"taxonomy":"post_tag","embeddable":true,"href":"http:\/\/sail-mirella.de\/index.php?rest_route=%2Fwp%2Fv2%2Ftags&post=76"}],"curies":[{"name":"wp","href":"https:\/\/api.w.org\/{rel}","templated":true}]}}