{"id":72,"date":"2019-08-10T23:02:41","date_gmt":"2019-08-10T23:02:41","guid":{"rendered":"http:\/\/sail-mirella.de\/?p=72"},"modified":"2020-01-10T19:49:35","modified_gmt":"2020-01-10T18:49:35","slug":"freitag-10-08","status":"publish","type":"post","link":"http:\/\/sail-mirella.de\/?p=72","title":{"rendered":"Erste Nacht an Bord."},"content":{"rendered":"<p>Heute kommen wir, durch Apartment r\u00e4umen und W\u00e4sche machen, etwas sp\u00e4ter an Bord, es geht aber sofort an die Arbeit, heute Abend sollen wir ja irgendwie an Bord schlafen k\u00f6nnen, der Bus ist ja auch noch Materiallager.<\/p>\n<p>Stephie verschwindet also wieder in \u201eIhr\u201c Vorschiff und Kratzt und schleift weiter, was in den Ecken und Winkeln und teilweise ja auch \u00fcber Kopf seeeehhhr seehr m\u00fchselig ist. Auch werden die Arme von der Tagelangen Plackerei nicht munterer, uns tut langsam alles weh, aber der Wille der \u201eFertigstellung\u201c (wir wissen inzwischen das wir hier nur einen guten Zwischenstand hinbekommen) h\u00e4lt uns aufrecht und am Arbeiten, sind ja auch nur noch 2 Tage (so dachten wir).<\/p>\n<p>Bei mir stand der Luftschlauch und der Boiler auf der Liste ganz oben.\u00a0 Als erstes den Luftschlauch verlegen, leider ist selbst die Gr\u00f6\u00dfte Bohrkrone die ich mitgenommen habe 3mm zu klein, hei\u00dft ich mu\u00df jedes Loch vergr\u00f6\u00dfern wo ich durch ein Schott mu\u00df.<\/p>\n<figure id=\"attachment_91\" aria-describedby=\"caption-attachment-91\" style=\"width: 225px\" class=\"wp-caption alignnone\"><img loading=\"lazy\" decoding=\"async\" class=\"wp-image-91 size-medium\" src=\"http:\/\/sail-mirella.de\/wp-content\/uploads\/2019\/08\/1-Workshop-Mirella-14-225x300.jpg\" alt=\"\" width=\"225\" height=\"300\" srcset=\"http:\/\/sail-mirella.de\/wp-content\/uploads\/2019\/08\/1-Workshop-Mirella-14-225x300.jpg 225w, http:\/\/sail-mirella.de\/wp-content\/uploads\/2019\/08\/1-Workshop-Mirella-14.jpg 576w\" sizes=\"(max-width: 225px) 100vw, 225px\" \/><figcaption id=\"caption-attachment-91\" class=\"wp-caption-text\">Der Boiler muss von innen gereinigt werden, dicke Kalkschichten von den Jahren der Benutzung zieren Ihn.<\/figcaption><\/figure>\n<p>So lege ich den Schlauch von vorne nach hinten durchs Schiff, \u00fcberall unsichtbar, ausser im offenen Fach unter der Navi, aber da soll ehh noch eine Klappe vor, damit der Stauraum auch genutzt werden kann. Den Boiler hatte ich noch gebraucht liegen, allerdings mit defekten Heizstab, den hatte ich schon vor 4 Wochen bestellt, war aber noch nicht gekommen, trotzdem schraube ich den alten Heizstab raus und entdecke eine nicht mehr vorhandenen Anode sowie mehrere Kilo Kalk (jetzt ist auch klar, warum der Heizstab den Fi rausschmiss bevor wir den Boiler ausbauten). Also den Beh\u00e4lter erstmal reinigen, dann ein Podest anfertigen, Halter aufschrauben, noch 3 x um Schrauben, ist halt richtig \u201esaugend schmatzend\u201c und die Podestleiste 1cm zu hoch passt halt nicht.<\/p>\n<p>Zum Schluss sitz er, wird noch nicht befestigt, da der Heizstab ja hoffentlich bis zu unser Reise kommt. Deswegen wird die Kaltwasserleitung nur mit einem T-St\u00fcck davor gelegt auf dem Abgang eine Endkappe.<\/p>\n<p>Abends wird klar, das Vorschiff ist noch nicht bezugsfertig, also werden wir im Salon schlafen, eine Koje Freir\u00e4umen, 1,40 Breite muss ja gehen. Ging auch wunderbar, allerdings k\u00f6nnte die Matratze etwas komfortabler sein, die kommt auf die Liste .<\/p>\n<p>ein kurzes Abendbrozt vor dem Schlafen gehen, dann kriechen wir seehr M\u00fcde in die Koje neben den Werkzeug Stapeln.<\/p>\n<figure id=\"attachment_103\" aria-describedby=\"caption-attachment-103\" style=\"width: 225px\" class=\"wp-caption alignnone\"><img loading=\"lazy\" decoding=\"async\" class=\"size-medium wp-image-103\" src=\"http:\/\/sail-mirella.de\/wp-content\/uploads\/2019\/11\/1-Workshop-Mirella-22-e1574975182496-225x300.jpg\" alt=\"\" width=\"225\" height=\"300\" srcset=\"http:\/\/sail-mirella.de\/wp-content\/uploads\/2019\/11\/1-Workshop-Mirella-22-e1574975182496-225x300.jpg 225w, http:\/\/sail-mirella.de\/wp-content\/uploads\/2019\/11\/1-Workshop-Mirella-22-e1574975182496-768x1024.jpg 768w\" sizes=\"(max-width: 225px) 100vw, 225px\" \/><figcaption id=\"caption-attachment-103\" class=\"wp-caption-text\">ich schmiere Brote die dann gleich gegessen werden.<\/figcaption><\/figure>\n","protected":false},"excerpt":{"rendered":"<p>Heute kommen wir, durch Apartment r\u00e4umen und W\u00e4sche machen, etwas sp\u00e4ter an Bord, es geht aber sofort an die Arbeit, heute Abend sollen wir ja irgendwie an Bord schlafen k\u00f6nnen, der Bus ist ja auch noch Materiallager. Stephie verschwindet also wieder in \u201eIhr\u201c Vorschiff und Kratzt und schleift weiter, was in den Ecken und Winkeln &hellip; <\/p>\n<p class=\"link-more\"><a href=\"http:\/\/sail-mirella.de\/?p=72\" class=\"more-link\"><span class=\"screen-reader-text\">\u201eErste Nacht an Bord.\u201c<\/span> weiterlesen<\/a><\/p>\n","protected":false},"author":1,"featured_media":91,"comment_status":"open","ping_status":"open","sticky":false,"template":"","format":"standard","meta":{"footnotes":""},"categories":[1],"tags":[],"_links":{"self":[{"href":"http:\/\/sail-mirella.de\/index.php?rest_route=\/wp\/v2\/posts\/72"}],"collection":[{"href":"http:\/\/sail-mirella.de\/index.php?rest_route=\/wp\/v2\/posts"}],"about":[{"href":"http:\/\/sail-mirella.de\/index.php?rest_route=\/wp\/v2\/types\/post"}],"author":[{"embeddable":true,"href":"http:\/\/sail-mirella.de\/index.php?rest_route=\/wp\/v2\/users\/1"}],"replies":[{"embeddable":true,"href":"http:\/\/sail-mirella.de\/index.php?rest_route=%2Fwp%2Fv2%2Fcomments&post=72"}],"version-history":[{"count":6,"href":"http:\/\/sail-mirella.de\/index.php?rest_route=\/wp\/v2\/posts\/72\/revisions"}],"predecessor-version":[{"id":216,"href":"http:\/\/sail-mirella.de\/index.php?rest_route=\/wp\/v2\/posts\/72\/revisions\/216"}],"wp:featuredmedia":[{"embeddable":true,"href":"http:\/\/sail-mirella.de\/index.php?rest_route=\/wp\/v2\/media\/91"}],"wp:attachment":[{"href":"http:\/\/sail-mirella.de\/index.php?rest_route=%2Fwp%2Fv2%2Fmedia&parent=72"}],"wp:term":[{"taxonomy":"category","embeddable":true,"href":"http:\/\/sail-mirella.de\/index.php?rest_route=%2Fwp%2Fv2%2Fcategories&post=72"},{"taxonomy":"post_tag","embeddable":true,"href":"http:\/\/sail-mirella.de\/index.php?rest_route=%2Fwp%2Fv2%2Ftags&post=72"}],"curies":[{"name":"wp","href":"https:\/\/api.w.org\/{rel}","templated":true}]}}