{"id":634,"date":"0202-12-02T22:28:30","date_gmt":"0202-12-02T21:28:30","guid":{"rendered":"http:\/\/sail-mirella.de\/?p=634"},"modified":"2022-02-09T22:29:42","modified_gmt":"2022-02-09T21:29:42","slug":"die-spanten-muessen-neu","status":"publish","type":"post","link":"http:\/\/sail-mirella.de\/?p=634","title":{"rendered":"Die Spanten m\u00fc\u00dfen neu"},"content":{"rendered":"<figure id=\"attachment_639\" aria-describedby=\"caption-attachment-639\" style=\"width: 347px\" class=\"wp-caption alignnone\"><img loading=\"lazy\" decoding=\"async\" class=\"wp-image-639\" src=\"http:\/\/sail-mirella.de\/wp-content\/uploads\/2022\/01\/IMG_20211129_163959-225x300.jpg\" alt=\"\" width=\"347\" height=\"463\" srcset=\"http:\/\/sail-mirella.de\/wp-content\/uploads\/2022\/01\/IMG_20211129_163959-225x300.jpg 225w, http:\/\/sail-mirella.de\/wp-content\/uploads\/2022\/01\/IMG_20211129_163959-768x1024.jpg 768w, http:\/\/sail-mirella.de\/wp-content\/uploads\/2022\/01\/IMG_20211129_163959-1152x1536.jpg 1152w, http:\/\/sail-mirella.de\/wp-content\/uploads\/2022\/01\/IMG_20211129_163959-1536x2048.jpg 1536w, http:\/\/sail-mirella.de\/wp-content\/uploads\/2022\/01\/IMG_20211129_163959-scaled.jpg 1920w\" sizes=\"(max-width: 347px) 100vw, 347px\" \/><figcaption id=\"caption-attachment-639\" class=\"wp-caption-text\">So sehen leider alle Spanten aus bei genauerem betrachten, Aufgesprengt von den Stahlbolzen, teilweise von innen verottet (aussen noch &#8222;Stichfest&#8220;, besonders an den Stahlbodenwrangen auch seitlich angegriffen. Und, wo sie feucht un mit Stahl in Ber\u00fchrung waren, komplett schwarz! Oberhalb vom L\u00e4ngsstringer, wo sie unbesch\u00e4digt sind, hell wie am ersten Tag.<\/figcaption><\/figure>\n<p>Deswegen werden wir nach und nach jeden Spanten im Kielbereich ersetzen, meist bis oberhalb der Stringer, ein paar unterhalb. diese haben wir dann auch mit als erste gebaut, Form abgenommen, Formverleimt (siehe im Winter 19\/29) und dann sch\u00f6n angesch\u00e4ftet.<\/p>\n<figure id=\"attachment_596\" aria-describedby=\"caption-attachment-596\" style=\"width: 319px\" class=\"wp-caption alignnone\"><img loading=\"lazy\" decoding=\"async\" class=\"wp-image-596\" src=\"http:\/\/sail-mirella.de\/wp-content\/uploads\/2021\/12\/01b1d611e5fb59e48947e6bf506fce05f02396f4f7-225x300.jpg\" alt=\"\" width=\"319\" height=\"425\" srcset=\"http:\/\/sail-mirella.de\/wp-content\/uploads\/2021\/12\/01b1d611e5fb59e48947e6bf506fce05f02396f4f7-225x300.jpg 225w, http:\/\/sail-mirella.de\/wp-content\/uploads\/2021\/12\/01b1d611e5fb59e48947e6bf506fce05f02396f4f7-768x1025.jpg 768w, http:\/\/sail-mirella.de\/wp-content\/uploads\/2021\/12\/01b1d611e5fb59e48947e6bf506fce05f02396f4f7-1151x1536.jpg 1151w, http:\/\/sail-mirella.de\/wp-content\/uploads\/2021\/12\/01b1d611e5fb59e48947e6bf506fce05f02396f4f7.jpg 1536w\" sizes=\"(max-width: 319px) 100vw, 319px\" \/><figcaption id=\"caption-attachment-596\" class=\"wp-caption-text\">Formverleimte Spantenrohlinge auf der Form.<\/figcaption><\/figure>\n<figure id=\"attachment_614\" aria-describedby=\"caption-attachment-614\" style=\"width: 321px\" class=\"wp-caption alignnone\"><img loading=\"lazy\" decoding=\"async\" class=\"wp-image-614\" src=\"http:\/\/sail-mirella.de\/wp-content\/uploads\/2021\/12\/01c09ed59bad73b12de145aa59caef539caf4a926b-225x300.jpg\" alt=\"\" width=\"321\" height=\"428\" srcset=\"http:\/\/sail-mirella.de\/wp-content\/uploads\/2021\/12\/01c09ed59bad73b12de145aa59caef539caf4a926b-225x300.jpg 225w, http:\/\/sail-mirella.de\/wp-content\/uploads\/2021\/12\/01c09ed59bad73b12de145aa59caef539caf4a926b-768x1025.jpg 768w, http:\/\/sail-mirella.de\/wp-content\/uploads\/2021\/12\/01c09ed59bad73b12de145aa59caef539caf4a926b-1151x1536.jpg 1151w, http:\/\/sail-mirella.de\/wp-content\/uploads\/2021\/12\/01c09ed59bad73b12de145aa59caef539caf4a926b.jpg 1536w\" sizes=\"(max-width: 321px) 100vw, 321px\" \/><figcaption id=\"caption-attachment-614\" class=\"wp-caption-text\">Hier kann man sch\u00f6n die Ansch\u00e4ftung zum alen Spanten sehen, das helle sind die negebauten Spanten von der Form.<\/figcaption><\/figure>\n<p>So konnten wir 4 Spanten reparieren, alle anderen waren mindestens bis unter den Stringer Teilrott, hier mussten wir eine &#8222;Stufensch\u00e4ftung&#8220; vor Ort machen.<\/p>\n<figure id=\"attachment_651\" aria-describedby=\"caption-attachment-651\" style=\"width: 326px\" class=\"wp-caption alignnone\"><img loading=\"lazy\" decoding=\"async\" class=\"wp-image-651\" src=\"http:\/\/sail-mirella.de\/wp-content\/uploads\/2022\/02\/01ad75369408d25cf461c76332e4cc19162b68f41b-169x300.jpg\" alt=\"\" width=\"326\" height=\"579\" srcset=\"http:\/\/sail-mirella.de\/wp-content\/uploads\/2022\/02\/01ad75369408d25cf461c76332e4cc19162b68f41b-169x300.jpg 169w, http:\/\/sail-mirella.de\/wp-content\/uploads\/2022\/02\/01ad75369408d25cf461c76332e4cc19162b68f41b-576x1024.jpg 576w, http:\/\/sail-mirella.de\/wp-content\/uploads\/2022\/02\/01ad75369408d25cf461c76332e4cc19162b68f41b.jpg 720w\" sizes=\"(max-width: 326px) 100vw, 326px\" \/><figcaption id=\"caption-attachment-651\" class=\"wp-caption-text\">Beim zuschnitt der einzelnen Lagen.<\/figcaption><\/figure>\n<p>&nbsp;<\/p>\n<figure id=\"attachment_650\" aria-describedby=\"caption-attachment-650\" style=\"width: 327px\" class=\"wp-caption alignnone\"><img loading=\"lazy\" decoding=\"async\" class=\"wp-image-650 \" src=\"http:\/\/sail-mirella.de\/wp-content\/uploads\/2022\/02\/01cfadf5ac8a29cb4b096feea98f7dc63d1f63e3ef-225x300.jpg\" alt=\"\" width=\"327\" height=\"436\" srcset=\"http:\/\/sail-mirella.de\/wp-content\/uploads\/2022\/02\/01cfadf5ac8a29cb4b096feea98f7dc63d1f63e3ef-225x300.jpg 225w, http:\/\/sail-mirella.de\/wp-content\/uploads\/2022\/02\/01cfadf5ac8a29cb4b096feea98f7dc63d1f63e3ef-768x1025.jpg 768w, http:\/\/sail-mirella.de\/wp-content\/uploads\/2022\/02\/01cfadf5ac8a29cb4b096feea98f7dc63d1f63e3ef-1151x1536.jpg 1151w, http:\/\/sail-mirella.de\/wp-content\/uploads\/2022\/02\/01cfadf5ac8a29cb4b096feea98f7dc63d1f63e3ef.jpg 1536w\" sizes=\"(max-width: 327px) 100vw, 327px\" \/><figcaption id=\"caption-attachment-650\" class=\"wp-caption-text\">Fertiges Werk. Sch\u00e4ftung in Stufen vor Ort mit unter dem Stringer hindurchgeschobenen Lamellen. Hir noch ungeschliffen aber Montagehilfen schon entfernt.<\/figcaption><\/figure>\n<p>&nbsp;<\/p>\n","protected":false},"excerpt":{"rendered":"<p>Deswegen werden wir nach und nach jeden Spanten im Kielbereich ersetzen, meist bis oberhalb der Stringer, ein paar unterhalb. diese haben wir dann auch mit als erste gebaut, Form abgenommen, Formverleimt (siehe im Winter 19\/29) und dann sch\u00f6n angesch\u00e4ftet. So konnten wir 4 Spanten reparieren, alle anderen waren mindestens bis unter den Stringer Teilrott, hier &hellip; <\/p>\n<p class=\"link-more\"><a href=\"http:\/\/sail-mirella.de\/?p=634\" class=\"more-link\"><span class=\"screen-reader-text\">\u201eDie Spanten m\u00fc\u00dfen neu\u201c<\/span> weiterlesen<\/a><\/p>\n","protected":false},"author":1,"featured_media":0,"comment_status":"open","ping_status":"open","sticky":false,"template":"","format":"standard","meta":{"footnotes":""},"categories":[1],"tags":[],"_links":{"self":[{"href":"http:\/\/sail-mirella.de\/index.php?rest_route=\/wp\/v2\/posts\/634"}],"collection":[{"href":"http:\/\/sail-mirella.de\/index.php?rest_route=\/wp\/v2\/posts"}],"about":[{"href":"http:\/\/sail-mirella.de\/index.php?rest_route=\/wp\/v2\/types\/post"}],"author":[{"embeddable":true,"href":"http:\/\/sail-mirella.de\/index.php?rest_route=\/wp\/v2\/users\/1"}],"replies":[{"embeddable":true,"href":"http:\/\/sail-mirella.de\/index.php?rest_route=%2Fwp%2Fv2%2Fcomments&post=634"}],"version-history":[{"count":1,"href":"http:\/\/sail-mirella.de\/index.php?rest_route=\/wp\/v2\/posts\/634\/revisions"}],"predecessor-version":[{"id":652,"href":"http:\/\/sail-mirella.de\/index.php?rest_route=\/wp\/v2\/posts\/634\/revisions\/652"}],"wp:attachment":[{"href":"http:\/\/sail-mirella.de\/index.php?rest_route=%2Fwp%2Fv2%2Fmedia&parent=634"}],"wp:term":[{"taxonomy":"category","embeddable":true,"href":"http:\/\/sail-mirella.de\/index.php?rest_route=%2Fwp%2Fv2%2Fcategories&post=634"},{"taxonomy":"post_tag","embeddable":true,"href":"http:\/\/sail-mirella.de\/index.php?rest_route=%2Fwp%2Fv2%2Ftags&post=634"}],"curies":[{"name":"wp","href":"https:\/\/api.w.org\/{rel}","templated":true}]}}