{"id":515,"date":"2020-10-21T21:53:08","date_gmt":"2020-10-21T20:53:08","guid":{"rendered":"http:\/\/sail-mirella.de\/?p=515"},"modified":"2021-02-19T19:41:49","modified_gmt":"2021-02-19T18:41:49","slug":"sorry","status":"publish","type":"post","link":"http:\/\/sail-mirella.de\/?p=515","title":{"rendered":"Sorry&#8230;.."},"content":{"rendered":"<p>dass ihr so lange nichts geh\u00f6rt habt, aber keine Angst &#8211; Mirella segelt!!!!<\/p>\n<figure id=\"attachment_524\" aria-describedby=\"caption-attachment-524\" style=\"width: 300px\" class=\"wp-caption alignnone\"><img loading=\"lazy\" decoding=\"async\" class=\"size-medium wp-image-524\" src=\"http:\/\/sail-mirella.de\/wp-content\/uploads\/2020\/10\/IMG_3144-300x225.jpg\" alt=\"\" width=\"300\" height=\"225\" srcset=\"http:\/\/sail-mirella.de\/wp-content\/uploads\/2020\/10\/IMG_3144-300x225.jpg 300w, http:\/\/sail-mirella.de\/wp-content\/uploads\/2020\/10\/IMG_3144-1024x768.jpg 1024w, http:\/\/sail-mirella.de\/wp-content\/uploads\/2020\/10\/IMG_3144-768x576.jpg 768w, http:\/\/sail-mirella.de\/wp-content\/uploads\/2020\/10\/IMG_3144-1536x1152.jpg 1536w, http:\/\/sail-mirella.de\/wp-content\/uploads\/2020\/10\/IMG_3144-2048x1536.jpg 2048w\" sizes=\"(max-width: 300px) 100vw, 300px\" \/><figcaption id=\"caption-attachment-524\" class=\"wp-caption-text\">Mirella in der Abendsonne beim Friedrichsorter Leuchtturm, R\u00fcckkehr aus der d\u00e4nischen S\u00fcdsee &#8211; 10 Tage bei herlicher Septembersonne.<\/figcaption><\/figure>\n<p>Bis Ende August haben wir einen Arbeitsmarathonendspurt hingelegt (Berichte folgen), dann 3 Tage gew\u00e4ssert im Kran, danach war nur noch die Bordpumpe im Einsatz.<\/p>\n<p>Aber die Arbeit hat sich gelohnt! War das Schiff vorher schon unheimlich sch\u00f6n, nun ist Sie noch sch\u00f6ner!<\/p>\n<figure id=\"attachment_516\" aria-describedby=\"caption-attachment-516\" style=\"width: 225px\" class=\"wp-caption alignnone\"><img loading=\"lazy\" decoding=\"async\" class=\"size-medium wp-image-516\" src=\"http:\/\/sail-mirella.de\/wp-content\/uploads\/2020\/10\/IMG_3251-225x300.jpg\" alt=\"\" width=\"225\" height=\"300\" srcset=\"http:\/\/sail-mirella.de\/wp-content\/uploads\/2020\/10\/IMG_3251-225x300.jpg 225w, http:\/\/sail-mirella.de\/wp-content\/uploads\/2020\/10\/IMG_3251-1152x1536.jpg 1152w, http:\/\/sail-mirella.de\/wp-content\/uploads\/2020\/10\/IMG_3251-1536x2048.jpg 1536w, http:\/\/sail-mirella.de\/wp-content\/uploads\/2020\/10\/IMG_3251-scaled.jpg 1920w\" sizes=\"(max-width: 225px) 100vw, 225px\" \/><figcaption id=\"caption-attachment-516\" class=\"wp-caption-text\">Segeln in der Abendsonne<\/figcaption><\/figure>\n<figure id=\"attachment_523\" aria-describedby=\"caption-attachment-523\" style=\"width: 225px\" class=\"wp-caption alignnone\"><img loading=\"lazy\" decoding=\"async\" class=\"size-medium wp-image-523\" src=\"http:\/\/sail-mirella.de\/wp-content\/uploads\/2020\/10\/IMG_3110-225x300.jpg\" alt=\"\" width=\"225\" height=\"300\" srcset=\"http:\/\/sail-mirella.de\/wp-content\/uploads\/2020\/10\/IMG_3110-225x300.jpg 225w, http:\/\/sail-mirella.de\/wp-content\/uploads\/2020\/10\/IMG_3110-1152x1536.jpg 1152w, http:\/\/sail-mirella.de\/wp-content\/uploads\/2020\/10\/IMG_3110-1536x2048.jpg 1536w, http:\/\/sail-mirella.de\/wp-content\/uploads\/2020\/10\/IMG_3110-scaled.jpg 1920w\" sizes=\"(max-width: 225px) 100vw, 225px\" \/><figcaption id=\"caption-attachment-523\" class=\"wp-caption-text\">Entspannen bei Sonne und leichten Winden<\/figcaption><\/figure>\n<figure id=\"attachment_518\" aria-describedby=\"caption-attachment-518\" style=\"width: 300px\" class=\"wp-caption alignnone\"><img loading=\"lazy\" decoding=\"async\" class=\"size-medium wp-image-518\" src=\"http:\/\/sail-mirella.de\/wp-content\/uploads\/2020\/10\/IMG_3276-300x225.jpg\" alt=\"\" width=\"300\" height=\"225\" srcset=\"http:\/\/sail-mirella.de\/wp-content\/uploads\/2020\/10\/IMG_3276-300x225.jpg 300w, http:\/\/sail-mirella.de\/wp-content\/uploads\/2020\/10\/IMG_3276.jpg 640w\" sizes=\"(max-width: 300px) 100vw, 300px\" \/><figcaption id=\"caption-attachment-518\" class=\"wp-caption-text\">Auch bei Starkwind l\u00e4uft Mirella gut an der Kreuz.<\/figcaption><\/figure>\n<p>Das letzte Bild kommt vom letzten Montag, R\u00fcckweg von Marstal nach Kiel, Kreuzkurs gegen S\u00fcdwest, herrliches Segeln.<\/p>\n<p>Fortsetzung folgt (nun wohl hoffentlich wieder h\u00e4ufiger \ud83d\ude42<\/p>\n<p>&nbsp;<\/p>\n<p>&nbsp;<\/p>\n","protected":false},"excerpt":{"rendered":"<p>dass ihr so lange nichts geh\u00f6rt habt, aber keine Angst &#8211; Mirella segelt!!!! Bis Ende August haben wir einen Arbeitsmarathonendspurt hingelegt (Berichte folgen), dann 3 Tage gew\u00e4ssert im Kran, danach war nur noch die Bordpumpe im Einsatz. Aber die Arbeit hat sich gelohnt! War das Schiff vorher schon unheimlich sch\u00f6n, nun ist Sie noch sch\u00f6ner! &hellip; <\/p>\n<p class=\"link-more\"><a href=\"http:\/\/sail-mirella.de\/?p=515\" class=\"more-link\"><span class=\"screen-reader-text\">\u201eSorry&#8230;..\u201c<\/span> weiterlesen<\/a><\/p>\n","protected":false},"author":1,"featured_media":0,"comment_status":"open","ping_status":"open","sticky":false,"template":"","format":"standard","meta":{"footnotes":""},"categories":[1],"tags":[],"_links":{"self":[{"href":"http:\/\/sail-mirella.de\/index.php?rest_route=\/wp\/v2\/posts\/515"}],"collection":[{"href":"http:\/\/sail-mirella.de\/index.php?rest_route=\/wp\/v2\/posts"}],"about":[{"href":"http:\/\/sail-mirella.de\/index.php?rest_route=\/wp\/v2\/types\/post"}],"author":[{"embeddable":true,"href":"http:\/\/sail-mirella.de\/index.php?rest_route=\/wp\/v2\/users\/1"}],"replies":[{"embeddable":true,"href":"http:\/\/sail-mirella.de\/index.php?rest_route=%2Fwp%2Fv2%2Fcomments&post=515"}],"version-history":[{"count":3,"href":"http:\/\/sail-mirella.de\/index.php?rest_route=\/wp\/v2\/posts\/515\/revisions"}],"predecessor-version":[{"id":542,"href":"http:\/\/sail-mirella.de\/index.php?rest_route=\/wp\/v2\/posts\/515\/revisions\/542"}],"wp:attachment":[{"href":"http:\/\/sail-mirella.de\/index.php?rest_route=%2Fwp%2Fv2%2Fmedia&parent=515"}],"wp:term":[{"taxonomy":"category","embeddable":true,"href":"http:\/\/sail-mirella.de\/index.php?rest_route=%2Fwp%2Fv2%2Fcategories&post=515"},{"taxonomy":"post_tag","embeddable":true,"href":"http:\/\/sail-mirella.de\/index.php?rest_route=%2Fwp%2Fv2%2Ftags&post=515"}],"curies":[{"name":"wp","href":"https:\/\/api.w.org\/{rel}","templated":true}]}}