{"id":512,"date":"2020-08-30T21:30:11","date_gmt":"2020-08-30T20:30:11","guid":{"rendered":"http:\/\/sail-mirella.de\/?p=512"},"modified":"2021-11-28T22:54:12","modified_gmt":"2021-11-28T21:54:12","slug":"__trashed","status":"publish","type":"post","link":"http:\/\/sail-mirella.de\/?p=512","title":{"rendered":"Ein Monat vergangen, aber nicht ohne Arbeiten an Mirella :)"},"content":{"rendered":"<p>Die Leute, die uns regelm\u00e4\u00dfig im Blog besuchen, k\u00f6nnten denken, dass den letzten Monat \u00fcber nichts passiert ist, dem ist aber gar nicht so, aber nach den vielen Stunden Arbeit war das Schreiben am Rechner nicht drin.<\/p>\n<p>Mirella hat in der Zeit aber auch wieder Fortschritte gemacht,\u00a0 haupts\u00e4chlich durch uns selbst, teilweise aber auch mit den Mitarbeitern.<\/p>\n<p>Was ist passiert? Da die Planken und Spanten zum gr\u00f6\u00dften Teil 115 Jahre alt sind und meistens in sehr gutem Zustand, haben wir uns entschieden, wieder \u00d6l und Bleimenninge als Beschichtung\/Schutz zu nutzen. F\u00fcr die Fl\u00e4chen zwischen den H\u00f6lzern &#8211; an den Kontaktfl\u00e4chen &#8211; haben wir Skidd anger\u00fchrt, Talg und Bleimenninge &#8222;the red lead butter&#8220;. Hier ist die ganze Beschichtung (auf der Innenseite) sch\u00f6n zu sehen.<\/p>\n<p><img loading=\"lazy\" decoding=\"async\" class=\"alignnone wp-image-530\" src=\"http:\/\/sail-mirella.de\/wp-content\/uploads\/2021\/02\/IMG_2888-225x300.jpg\" alt=\"\" width=\"440\" height=\"587\" srcset=\"http:\/\/sail-mirella.de\/wp-content\/uploads\/2021\/02\/IMG_2888-225x300.jpg 225w, http:\/\/sail-mirella.de\/wp-content\/uploads\/2021\/02\/IMG_2888-768x1024.jpg 768w, http:\/\/sail-mirella.de\/wp-content\/uploads\/2021\/02\/IMG_2888-1152x1536.jpg 1152w, http:\/\/sail-mirella.de\/wp-content\/uploads\/2021\/02\/IMG_2888-1536x2048.jpg 1536w, http:\/\/sail-mirella.de\/wp-content\/uploads\/2021\/02\/IMG_2888-scaled.jpg 1920w\" sizes=\"(max-width: 440px) 100vw, 440px\" \/><\/p>\n<p>Mal sehen ob auch dies wieder 115 Jahre h\u00e4lt :).<\/p>\n<p>Nun musste ja das Cockpit wiederhergestellt und alles m\u00f6gliche lackiert werden, innen wie au\u00dfen.<\/p>\n<p>Also erst einmal Cockpit bauen, damit man dann die H\u00f6lzer beizen und lackieren kann, gleichzeitig im Vorschiff Decke und Rumpf innen vorbereiten.<\/p>\n<p>Aber hier nun Schritt f\u00fcr Schritt:<\/p>\n<p>Als erstes musste ich den neuen Heiz\u00f6ltank unter das Steuerbord Deck bauen, da kommt man, nach Einbau der Steuerbord Sitzducht, nur noch schwer ran.<\/p>\n<p>Michael hat uns f\u00fcr den Tank einen speziellen Adapter gebaut, da es keine Chance gab, einen Schlauch zwischen Bef\u00fcllbeschlag und Tank zu bekommen. Also gemessen und gezeichnet und dann:<\/p>\n<p><img loading=\"lazy\" decoding=\"async\" class=\"alignnone size-medium wp-image-493\" src=\"http:\/\/sail-mirella.de\/wp-content\/uploads\/2020\/07\/IMG_2799-225x300.jpg\" alt=\"\" width=\"225\" height=\"300\" srcset=\"http:\/\/sail-mirella.de\/wp-content\/uploads\/2020\/07\/IMG_2799-225x300.jpg 225w, http:\/\/sail-mirella.de\/wp-content\/uploads\/2020\/07\/IMG_2799-1152x1536.jpg 1152w, http:\/\/sail-mirella.de\/wp-content\/uploads\/2020\/07\/IMG_2799-1536x2048.jpg 1536w, http:\/\/sail-mirella.de\/wp-content\/uploads\/2020\/07\/IMG_2799-scaled.jpg 1920w\" sizes=\"(max-width: 225px) 100vw, 225px\" \/><\/p>\n<p>So sah die Tankanschlussplatte aus: ein Gewinde um eine Schlaucht\u00fclle einzuschrauben.<\/p>\n<p><img loading=\"lazy\" decoding=\"async\" class=\"alignnone size-medium wp-image-492\" src=\"http:\/\/sail-mirella.de\/wp-content\/uploads\/2020\/07\/IMG_2798-225x300.jpg\" alt=\"\" width=\"225\" height=\"300\" srcset=\"http:\/\/sail-mirella.de\/wp-content\/uploads\/2020\/07\/IMG_2798-225x300.jpg 225w, http:\/\/sail-mirella.de\/wp-content\/uploads\/2020\/07\/IMG_2798-768x1024.jpg 768w, http:\/\/sail-mirella.de\/wp-content\/uploads\/2020\/07\/IMG_2798-1152x1536.jpg 1152w, http:\/\/sail-mirella.de\/wp-content\/uploads\/2020\/07\/IMG_2798-1536x2048.jpg 1536w, http:\/\/sail-mirella.de\/wp-content\/uploads\/2020\/07\/IMG_2798-scaled.jpg 1920w\" sizes=\"(max-width: 225px) 100vw, 225px\" \/><\/p>\n<p>Dieses Messingteil hat Michael uns nach unserem Entwurf gedreht, unten Gewinde f\u00fcr die Tankplatte, oben passend f\u00fcr den Bef\u00fcllbeschlag, innenliegend ein O-Ring zur Dichtung.<\/p>\n<p>Also Tank einbauen, Loch genau \u00fcber dem Stutzen bohren und Bef\u00fcllstutzen einstecken. H\u00f6rt sich einfach an, dauert dann doch l\u00e4nger als gedacht.<\/p>\n<p>Aber es hat funktioniert! Und jetzt k\u00f6nnen wir 32l Heiz\u00f6l f\u00fcr die Heizung bunkern, was im Herbst (November) mehr\u00a0 als eine Woche Durchheizen bedeutet. Nat\u00fcrlich kann man bei Heiz\u00f6lmangel auch Diesel einf\u00fcllen.<\/p>\n<p>Die Enl\u00fcftung des Tanks habe ich mittels Y-St\u00fcck an die Entl\u00fcftung des Benzintanks f\u00fcr den Motor angeschlossen &#8211; man m\u00f6chte ja nicht zuviele Beschl\u00e4ge auf dem niedrigen Freibord haben (das hat bislang (Nov. 2021) auch gut funktioniert. Andere Medien w\u00fcrde ich nicht gemeinsam entl\u00fcften (also kein Wasser, Abwasser oder \u00e4hnliches mit Betriebsstoffen zusammen).<\/p>\n<p>Nun konnte es endlich mit der Cockpit-&#8222;Endmontage&#8220;\u00a0 losgehen: die weiter unten beschrieben Teile konnten verleimt und verschraubt werden.<\/p>\n<p>&nbsp;<\/p>\n<p>&nbsp;<\/p>\n<figure style=\"width: 317px\" class=\"wp-caption alignnone\"><img loading=\"lazy\" decoding=\"async\" class=\"wp-image-559\" src=\"http:\/\/sail-mirella.de\/wp-content\/uploads\/2021\/07\/B653EF77-F6EE-49CF-94D2-CC65A0AF898F-169x300.jpg\" alt=\"\" width=\"317\" height=\"563\" srcset=\"http:\/\/sail-mirella.de\/wp-content\/uploads\/2021\/07\/B653EF77-F6EE-49CF-94D2-CC65A0AF898F-169x300.jpg 169w, http:\/\/sail-mirella.de\/wp-content\/uploads\/2021\/07\/B653EF77-F6EE-49CF-94D2-CC65A0AF898F-576x1024.jpg 576w, http:\/\/sail-mirella.de\/wp-content\/uploads\/2021\/07\/B653EF77-F6EE-49CF-94D2-CC65A0AF898F-768x1365.jpg 768w, http:\/\/sail-mirella.de\/wp-content\/uploads\/2021\/07\/B653EF77-F6EE-49CF-94D2-CC65A0AF898F-865x1536.jpg 865w, http:\/\/sail-mirella.de\/wp-content\/uploads\/2021\/07\/B653EF77-F6EE-49CF-94D2-CC65A0AF898F-1153x2048.jpg 1153w, http:\/\/sail-mirella.de\/wp-content\/uploads\/2021\/07\/B653EF77-F6EE-49CF-94D2-CC65A0AF898F-scaled.jpg 1441w\" sizes=\"(max-width: 317px) 100vw, 317px\" \/><figcaption class=\"wp-caption-text\">Als erstes wurde noch die abgebrochene Leiste Stbd achtern wieder angeleimt und auch mit dem Setzbord des Cockpits verleimt.<\/figcaption><\/figure>\n<p>Dann den Tr\u00e4ger, die Cockpitwand und die Tr\u00e4ger der Sitzducht montieren und verleimen.<\/p>\n<figure id=\"attachment_534\" aria-describedby=\"caption-attachment-534\" style=\"width: 225px\" class=\"wp-caption alignnone\"><img loading=\"lazy\" decoding=\"async\" class=\"size-medium wp-image-534\" src=\"http:\/\/sail-mirella.de\/wp-content\/uploads\/2021\/02\/IMG_2942-225x300.jpg\" alt=\"\" width=\"225\" height=\"300\" srcset=\"http:\/\/sail-mirella.de\/wp-content\/uploads\/2021\/02\/IMG_2942-225x300.jpg 225w, http:\/\/sail-mirella.de\/wp-content\/uploads\/2021\/02\/IMG_2942-768x1024.jpg 768w, http:\/\/sail-mirella.de\/wp-content\/uploads\/2021\/02\/IMG_2942-1152x1536.jpg 1152w, http:\/\/sail-mirella.de\/wp-content\/uploads\/2021\/02\/IMG_2942-1536x2048.jpg 1536w, http:\/\/sail-mirella.de\/wp-content\/uploads\/2021\/02\/IMG_2942-scaled.jpg 1920w\" sizes=\"(max-width: 225px) 100vw, 225px\" \/><figcaption id=\"caption-attachment-534\" class=\"wp-caption-text\">Es wird langsam! Mit der Laufplanke im Cockpit steht man auch endlich mal wieder &#8222;normal&#8220; im Boot. Die ersten Bretter auf der Cockpitwand sind auch wieder montiert (verleimt)&#8230;..<\/figcaption><\/figure>\n<figure id=\"attachment_568\" aria-describedby=\"caption-attachment-568\" style=\"width: 423px\" class=\"wp-caption alignnone\"><img loading=\"lazy\" decoding=\"async\" class=\"wp-image-568 \" src=\"http:\/\/sail-mirella.de\/wp-content\/uploads\/2021\/08\/IMG_2867-300x225.jpg\" alt=\"\" width=\"423\" height=\"317\" srcset=\"http:\/\/sail-mirella.de\/wp-content\/uploads\/2021\/08\/IMG_2867-300x225.jpg 300w, http:\/\/sail-mirella.de\/wp-content\/uploads\/2021\/08\/IMG_2867-1024x768.jpg 1024w, http:\/\/sail-mirella.de\/wp-content\/uploads\/2021\/08\/IMG_2867-768x576.jpg 768w, http:\/\/sail-mirella.de\/wp-content\/uploads\/2021\/08\/IMG_2867-1536x1152.jpg 1536w, http:\/\/sail-mirella.de\/wp-content\/uploads\/2021\/08\/IMG_2867-2048x1536.jpg 2048w\" sizes=\"(max-width: 423px) 100vw, 423px\" \/><figcaption id=\"caption-attachment-568\" class=\"wp-caption-text\">Hier die tragende Platte unter der Sitzducht, hierauf kommen die Mahagoni-Vollholzbretter, welche die nachher sichtbaren Sitzduchten bilden. Hier sind dann auch alle au\u00dfer einem original, nur eins war nicht zu retten. Zum Ma\u00dfnehmen liegt schon ein &#8222;Deckel&#8220; daneben.<\/figcaption><\/figure>\n<p>Dann mussten die Ausschnitte f\u00fcr die Backskisten festgelegt und angezeichnet werden. Blo\u00df nicht vermessen, dann w\u00e4re die Sperrholzplatte Verschnitt. Also alles 3 mal gecheckt, Massivholz oben aufgelegt, nochmal geschaut. Dann zuschneiden, alles passt.<\/p>\n<p>Zum geb\u00fcckten Ausgleich mit dem Stehen im Cockpit hatte ich die Deckenbalken der Decke abgeklebt und die Decke im Vorschiff lackiert.<img loading=\"lazy\" decoding=\"async\" class=\"alignnone wp-image-569\" src=\"http:\/\/sail-mirella.de\/wp-content\/uploads\/2021\/08\/IMG_2872-300x225.jpg\" alt=\"\" width=\"429\" height=\"322\" srcset=\"http:\/\/sail-mirella.de\/wp-content\/uploads\/2021\/08\/IMG_2872-300x225.jpg 300w, http:\/\/sail-mirella.de\/wp-content\/uploads\/2021\/08\/IMG_2872-1024x768.jpg 1024w, http:\/\/sail-mirella.de\/wp-content\/uploads\/2021\/08\/IMG_2872-768x576.jpg 768w, http:\/\/sail-mirella.de\/wp-content\/uploads\/2021\/08\/IMG_2872-1536x1152.jpg 1536w, http:\/\/sail-mirella.de\/wp-content\/uploads\/2021\/08\/IMG_2872-2048x1536.jpg 2048w\" sizes=\"(max-width: 429px) 100vw, 429px\" \/><\/p>\n<p>Das bringt viel Hellligkeit ins Vorschiff.<\/p>\n<p>Weiter im Cockpit:<\/p>\n<figure id=\"attachment_573\" aria-describedby=\"caption-attachment-573\" style=\"width: 425px\" class=\"wp-caption alignnone\"><img loading=\"lazy\" decoding=\"async\" class=\" wp-image-573\" src=\"http:\/\/sail-mirella.de\/wp-content\/uploads\/2021\/08\/IMG_2908-225x300.jpg\" alt=\"\" width=\"425\" height=\"567\" srcset=\"http:\/\/sail-mirella.de\/wp-content\/uploads\/2021\/08\/IMG_2908-225x300.jpg 225w, http:\/\/sail-mirella.de\/wp-content\/uploads\/2021\/08\/IMG_2908-768x1024.jpg 768w, http:\/\/sail-mirella.de\/wp-content\/uploads\/2021\/08\/IMG_2908-1152x1536.jpg 1152w, http:\/\/sail-mirella.de\/wp-content\/uploads\/2021\/08\/IMG_2908-1536x2048.jpg 1536w, http:\/\/sail-mirella.de\/wp-content\/uploads\/2021\/08\/IMG_2908-scaled.jpg 1920w\" sizes=\"(max-width: 425px) 100vw, 425px\" \/><figcaption id=\"caption-attachment-573\" class=\"wp-caption-text\">Die Deckel sind fertig und liegen am Platz, die unbehandelten m\u00fcssen aber noch lackiert werden. Gut zu sehen ist auch das Loch f\u00fcr den Stutzen des Heiz\u00f6ltanks, links vom Setzbord des Cockpits ziemlich mittig. Hier wird nach der Deckslackierung nur der Stutzen reingedr\u00fcckt und montiert.<\/figcaption><\/figure>\n<p>Auch unter dem Boot geht es weiter. F\u00fcr das Ruderblatt muss noch eine Ausnehmung am Steven gemacht werden. Wie es geht, zeigt die n\u00e4chste Bilderreihe:<\/p>\n<figure id=\"attachment_577\" aria-describedby=\"caption-attachment-577\" style=\"width: 324px\" class=\"wp-caption alignnone\"><img loading=\"lazy\" decoding=\"async\" class=\" wp-image-577\" src=\"http:\/\/sail-mirella.de\/wp-content\/uploads\/2021\/11\/IMG_2816-225x300.jpg\" alt=\"\" width=\"324\" height=\"432\" srcset=\"http:\/\/sail-mirella.de\/wp-content\/uploads\/2021\/11\/IMG_2816-225x300.jpg 225w, http:\/\/sail-mirella.de\/wp-content\/uploads\/2021\/11\/IMG_2816-768x1024.jpg 768w, http:\/\/sail-mirella.de\/wp-content\/uploads\/2021\/11\/IMG_2816-1152x1536.jpg 1152w, http:\/\/sail-mirella.de\/wp-content\/uploads\/2021\/11\/IMG_2816-1536x2048.jpg 1536w, http:\/\/sail-mirella.de\/wp-content\/uploads\/2021\/11\/IMG_2816-scaled.jpg 1920w\" sizes=\"(max-width: 324px) 100vw, 324px\" \/><figcaption id=\"caption-attachment-577\" class=\"wp-caption-text\">Erstmal die genaue Mitte festlegen, dann zu einer Kreiss\u00e4ge ein passendes Anschlagsholz fixieren (ist hier links an der Kielkante zu sehen), damit man mit dieser einen geraden Einschnitt hinbekommt. Die Tiefe sollte man an der Kreiss\u00e4ge einstellen, passend zum Radius, den man ausarbeiten m\u00f6chte.<\/figcaption><\/figure>\n<figure id=\"attachment_578\" aria-describedby=\"caption-attachment-578\" style=\"width: 328px\" class=\"wp-caption alignnone\"><img loading=\"lazy\" decoding=\"async\" class=\" wp-image-578\" src=\"http:\/\/sail-mirella.de\/wp-content\/uploads\/2021\/11\/IMG_2818-225x300.jpg\" alt=\"\" width=\"328\" height=\"437\" srcset=\"http:\/\/sail-mirella.de\/wp-content\/uploads\/2021\/11\/IMG_2818-225x300.jpg 225w, http:\/\/sail-mirella.de\/wp-content\/uploads\/2021\/11\/IMG_2818-768x1024.jpg 768w, http:\/\/sail-mirella.de\/wp-content\/uploads\/2021\/11\/IMG_2818-1152x1536.jpg 1152w, http:\/\/sail-mirella.de\/wp-content\/uploads\/2021\/11\/IMG_2818-1536x2048.jpg 1536w, http:\/\/sail-mirella.de\/wp-content\/uploads\/2021\/11\/IMG_2818-scaled.jpg 1920w\" sizes=\"(max-width: 328px) 100vw, 328px\" \/><figcaption id=\"caption-attachment-578\" class=\"wp-caption-text\">Danach dann immer links und rechts im gleichen Abstand (mit gleicher, aber nat\u00fcrlich abnehmender Tiefe) Schnitte setzen, dazu jeweils das Anschlagsholz versetzen.<\/figcaption><\/figure>\n<figure id=\"attachment_580\" aria-describedby=\"caption-attachment-580\" style=\"width: 269px\" class=\"wp-caption alignnone\"><img loading=\"lazy\" decoding=\"async\" class=\" wp-image-580\" src=\"http:\/\/sail-mirella.de\/wp-content\/uploads\/2021\/11\/IMG_2817-225x300.jpg\" alt=\"\" width=\"269\" height=\"359\" srcset=\"http:\/\/sail-mirella.de\/wp-content\/uploads\/2021\/11\/IMG_2817-225x300.jpg 225w, http:\/\/sail-mirella.de\/wp-content\/uploads\/2021\/11\/IMG_2817-768x1024.jpg 768w, http:\/\/sail-mirella.de\/wp-content\/uploads\/2021\/11\/IMG_2817-1152x1536.jpg 1152w, http:\/\/sail-mirella.de\/wp-content\/uploads\/2021\/11\/IMG_2817-1536x2048.jpg 1536w, http:\/\/sail-mirella.de\/wp-content\/uploads\/2021\/11\/IMG_2817-scaled.jpg 1920w\" sizes=\"(max-width: 269px) 100vw, 269px\" \/><figcaption id=\"caption-attachment-580\" class=\"wp-caption-text\">So s\u00e4gt man dann am Anschlagsholz gerade runter. Dabei bitte immer den R\u00fcckschlag der Kreiss\u00e4ge beachten, also gut und sicher f\u00fchren!!!!<\/figcaption><\/figure>\n<p>Jetzt kann man mit einem scharfen Stechbeitel die Stege wegstemmen und hinterher mit einem speziellen Hobel die Rundung nachhobeln. Das Ergebnis sieht dann so aus:<\/p>\n<figure style=\"width: 317px\" class=\"wp-caption alignnone\"><img loading=\"lazy\" decoding=\"async\" class=\"wp-image-581\" src=\"http:\/\/sail-mirella.de\/wp-content\/uploads\/2021\/08\/IMG_2880-225x300.jpg\" alt=\"\" width=\"317\" height=\"423\" srcset=\"http:\/\/sail-mirella.de\/wp-content\/uploads\/2021\/08\/IMG_2880-225x300.jpg 225w, http:\/\/sail-mirella.de\/wp-content\/uploads\/2021\/08\/IMG_2880-768x1024.jpg 768w, http:\/\/sail-mirella.de\/wp-content\/uploads\/2021\/08\/IMG_2880-1152x1536.jpg 1152w, http:\/\/sail-mirella.de\/wp-content\/uploads\/2021\/08\/IMG_2880-1536x2048.jpg 1536w, http:\/\/sail-mirella.de\/wp-content\/uploads\/2021\/08\/IMG_2880-scaled.jpg 1920w\" sizes=\"(max-width: 317px) 100vw, 317px\" \/><figcaption class=\"wp-caption-text\">So sieht die Ausnehmung am Ende aus. In dieser negativen Rundung wird nachher die Vorderkante des Ruderblattes drehen. Wenn man genau hinsieht, sieht man noch Steuerbord die Nieten, die gleich in die vorgebohrten L\u00f6cher durch den Spant getrieben und danach von innen vernietet werden.<\/figcaption><\/figure>\n<p>Wieder oben im Cockpit, die Sitzducht ist gebeizt und einige Male lackiert.<\/p>\n<figure id=\"attachment_583\" aria-describedby=\"caption-attachment-583\" style=\"width: 300px\" class=\"wp-caption alignnone\"><img loading=\"lazy\" decoding=\"async\" class=\"size-medium wp-image-583\" src=\"http:\/\/sail-mirella.de\/wp-content\/uploads\/2021\/11\/IMG_2947-1-300x225.jpg\" alt=\"\" width=\"300\" height=\"225\" srcset=\"http:\/\/sail-mirella.de\/wp-content\/uploads\/2021\/11\/IMG_2947-1-300x225.jpg 300w, http:\/\/sail-mirella.de\/wp-content\/uploads\/2021\/11\/IMG_2947-1-1024x768.jpg 1024w, http:\/\/sail-mirella.de\/wp-content\/uploads\/2021\/11\/IMG_2947-1-768x576.jpg 768w, http:\/\/sail-mirella.de\/wp-content\/uploads\/2021\/11\/IMG_2947-1-1536x1152.jpg 1536w, http:\/\/sail-mirella.de\/wp-content\/uploads\/2021\/11\/IMG_2947-1-2048x1536.jpg 2048w\" sizes=\"(max-width: 300px) 100vw, 300px\" \/><figcaption id=\"caption-attachment-583\" class=\"wp-caption-text\">Sitzducht inkl. Backskistendeckel nach ein paar G\u00e4ngen Lack.<\/figcaption><\/figure>\n<p>Nun musste das Lackieren weitergehen. Unsere Vorg\u00e4nger haben das Kaj\u00fctdach mit SP320 klarem Epoxi beschichtet und danach 2K lackiert. Auch dieser Lack hat inzwischen gelitten und wir hatten ihn schon mit angeschliffen. Das Lackieren sollte in folgender Reihenfolge passieren:<\/p>\n<p>Als erstes der Rumpf, weil dieser keinen Einfluss auf die Sachen oben hat und schon mal h\u00e4rten kann, m\u00f6glichst lange vor Fenderlast und co.<\/p>\n<p>danach das Deckshaus Dach, weil dieses schnelle durchh\u00e4rtet, zum weiteren Abkleben,\u00a0 danach alle 1 K Klarlack Teile und als letztes das Deck. Alles im Engen Takt und mit minimaler Abl\u00fcftung zwischendurch. Das hie\u00df einige N\u00e4chte lang lackieren, ging ja immer nur au\u00dferhalb der normalen Arbeitszeit (naja, manchmal wurde l\u00e4nger geschlafen, nach der Rumpflackierung bis um 4 Uhr zum Beispiel.<\/p>\n<figure id=\"attachment_584\" aria-describedby=\"caption-attachment-584\" style=\"width: 436px\" class=\"wp-caption alignnone\"><img loading=\"lazy\" decoding=\"async\" class=\"wp-image-584\" src=\"http:\/\/sail-mirella.de\/wp-content\/uploads\/2021\/11\/IMG_3025-300x225.jpg\" alt=\"\" width=\"436\" height=\"327\" srcset=\"http:\/\/sail-mirella.de\/wp-content\/uploads\/2021\/11\/IMG_3025-300x225.jpg 300w, http:\/\/sail-mirella.de\/wp-content\/uploads\/2021\/11\/IMG_3025-1024x768.jpg 1024w, http:\/\/sail-mirella.de\/wp-content\/uploads\/2021\/11\/IMG_3025-768x576.jpg 768w, http:\/\/sail-mirella.de\/wp-content\/uploads\/2021\/11\/IMG_3025-1536x1152.jpg 1536w, http:\/\/sail-mirella.de\/wp-content\/uploads\/2021\/11\/IMG_3025-2048x1536.jpg 2048w\" sizes=\"(max-width: 436px) 100vw, 436px\" \/><figcaption id=\"caption-attachment-584\" class=\"wp-caption-text\">Mirella nach dem Unterwasser streichen auf dem Weg zur Deckshauslackierung 1K, gut zu sehen die Abklebungen oben auf dem 2 K Lack.<\/figcaption><\/figure>\n<p><img loading=\"lazy\" decoding=\"async\" class=\"alignnone wp-image-587\" src=\"http:\/\/sail-mirella.de\/wp-content\/uploads\/2021\/11\/7285c02a-982d-436a-9450-ccd2cf2e459f-2-225x300.jpg\" alt=\"\" width=\"433\" height=\"577\" srcset=\"http:\/\/sail-mirella.de\/wp-content\/uploads\/2021\/11\/7285c02a-982d-436a-9450-ccd2cf2e459f-2-225x300.jpg 225w, http:\/\/sail-mirella.de\/wp-content\/uploads\/2021\/11\/7285c02a-982d-436a-9450-ccd2cf2e459f-2-768x1024.jpg 768w, http:\/\/sail-mirella.de\/wp-content\/uploads\/2021\/11\/7285c02a-982d-436a-9450-ccd2cf2e459f-2-1152x1536.jpg 1152w, http:\/\/sail-mirella.de\/wp-content\/uploads\/2021\/11\/7285c02a-982d-436a-9450-ccd2cf2e459f-2.jpg 1200w\" sizes=\"(max-width: 433px) 100vw, 433px\" \/><\/p>\n<figure id=\"attachment_590\" aria-describedby=\"caption-attachment-590\" style=\"width: 433px\" class=\"wp-caption alignnone\"><img loading=\"lazy\" decoding=\"async\" class=\"wp-image-590\" src=\"http:\/\/sail-mirella.de\/wp-content\/uploads\/2021\/11\/2802a32f-6b5b-4d63-83d9-3f9764dfafe5-300x225.jpg\" alt=\"\" width=\"433\" height=\"325\" srcset=\"http:\/\/sail-mirella.de\/wp-content\/uploads\/2021\/11\/2802a32f-6b5b-4d63-83d9-3f9764dfafe5-300x225.jpg 300w, http:\/\/sail-mirella.de\/wp-content\/uploads\/2021\/11\/2802a32f-6b5b-4d63-83d9-3f9764dfafe5-768x576.jpg 768w, http:\/\/sail-mirella.de\/wp-content\/uploads\/2021\/11\/2802a32f-6b5b-4d63-83d9-3f9764dfafe5.jpg 1024w\" sizes=\"(max-width: 433px) 100vw, 433px\" \/><figcaption id=\"caption-attachment-590\" class=\"wp-caption-text\">Der Name wird schonmal angehalten.<\/figcaption><\/figure>\n<p>&nbsp;<\/p>\n<figure id=\"attachment_538\" aria-describedby=\"caption-attachment-538\" style=\"width: 439px\" class=\"wp-caption alignnone\"><img loading=\"lazy\" decoding=\"async\" class=\"wp-image-538\" src=\"http:\/\/sail-mirella.de\/wp-content\/uploads\/2021\/02\/IMG_3001-300x225.jpg\" alt=\"\" width=\"439\" height=\"329\" srcset=\"http:\/\/sail-mirella.de\/wp-content\/uploads\/2021\/02\/IMG_3001-300x225.jpg 300w, http:\/\/sail-mirella.de\/wp-content\/uploads\/2021\/02\/IMG_3001-1024x768.jpg 1024w, http:\/\/sail-mirella.de\/wp-content\/uploads\/2021\/02\/IMG_3001-768x576.jpg 768w, http:\/\/sail-mirella.de\/wp-content\/uploads\/2021\/02\/IMG_3001-1536x1152.jpg 1536w, http:\/\/sail-mirella.de\/wp-content\/uploads\/2021\/02\/IMG_3001-2048x1536.jpg 2048w\" sizes=\"(max-width: 439px) 100vw, 439px\" \/><figcaption id=\"caption-attachment-538\" class=\"wp-caption-text\">Das Deckshaus nach der Lackierung oben 2K Perfection, Direkt nach dem Lackieren aufgenommen, wegen noch vorhandenem Spr\u00fchnebel leider die schlechte Qualit\u00e4t.<\/figcaption><\/figure>\n<p><img loading=\"lazy\" decoding=\"async\" class=\"alignnone wp-image-537\" src=\"http:\/\/sail-mirella.de\/wp-content\/uploads\/2021\/02\/IMG_3002-300x225.jpg\" alt=\"\" width=\"429\" height=\"322\" srcset=\"http:\/\/sail-mirella.de\/wp-content\/uploads\/2021\/02\/IMG_3002-300x225.jpg 300w, http:\/\/sail-mirella.de\/wp-content\/uploads\/2021\/02\/IMG_3002-1024x768.jpg 1024w, http:\/\/sail-mirella.de\/wp-content\/uploads\/2021\/02\/IMG_3002-768x576.jpg 768w, http:\/\/sail-mirella.de\/wp-content\/uploads\/2021\/02\/IMG_3002-1536x1152.jpg 1536w, http:\/\/sail-mirella.de\/wp-content\/uploads\/2021\/02\/IMG_3002-2048x1536.jpg 2048w\" sizes=\"(max-width: 429px) 100vw, 429px\" \/><\/p>\n<p>und zu guter letzt:<\/p>\n<figure id=\"attachment_585\" aria-describedby=\"caption-attachment-585\" style=\"width: 419px\" class=\"wp-caption alignnone\"><img loading=\"lazy\" decoding=\"async\" class=\"wp-image-585\" src=\"http:\/\/sail-mirella.de\/wp-content\/uploads\/2021\/11\/IMG_3028-225x300.jpg\" alt=\"\" width=\"419\" height=\"559\" srcset=\"http:\/\/sail-mirella.de\/wp-content\/uploads\/2021\/11\/IMG_3028-225x300.jpg 225w, http:\/\/sail-mirella.de\/wp-content\/uploads\/2021\/11\/IMG_3028-768x1024.jpg 768w, http:\/\/sail-mirella.de\/wp-content\/uploads\/2021\/11\/IMG_3028-1152x1536.jpg 1152w, http:\/\/sail-mirella.de\/wp-content\/uploads\/2021\/11\/IMG_3028-1536x2048.jpg 1536w, http:\/\/sail-mirella.de\/wp-content\/uploads\/2021\/11\/IMG_3028-scaled.jpg 1920w\" sizes=\"(max-width: 419px) 100vw, 419px\" \/><figcaption id=\"caption-attachment-585\" class=\"wp-caption-text\">Der 1 K lack ist fertig, unglaublich sch\u00f6n dieser tiefe Glanz und der warme Mahagoni Ton.<\/figcaption><\/figure>\n<figure id=\"attachment_539\" aria-describedby=\"caption-attachment-539\" style=\"width: 419px\" class=\"wp-caption alignnone\"><img loading=\"lazy\" decoding=\"async\" class=\"wp-image-539\" src=\"http:\/\/sail-mirella.de\/wp-content\/uploads\/2021\/02\/IMG_2975-225x300.jpg\" alt=\"\" width=\"419\" height=\"559\" srcset=\"http:\/\/sail-mirella.de\/wp-content\/uploads\/2021\/02\/IMG_2975-225x300.jpg 225w, http:\/\/sail-mirella.de\/wp-content\/uploads\/2021\/02\/IMG_2975-768x1024.jpg 768w, http:\/\/sail-mirella.de\/wp-content\/uploads\/2021\/02\/IMG_2975-1152x1536.jpg 1152w, http:\/\/sail-mirella.de\/wp-content\/uploads\/2021\/02\/IMG_2975-1536x2048.jpg 1536w, http:\/\/sail-mirella.de\/wp-content\/uploads\/2021\/02\/IMG_2975-scaled.jpg 1920w\" sizes=\"(max-width: 419px) 100vw, 419px\" \/><figcaption id=\"caption-attachment-539\" class=\"wp-caption-text\">Das Deck gerollt mit International Interdeck, aufgenommen aus unserem Hubsteiger (drohne haben wir noch nicht).<\/figcaption><\/figure>\n","protected":false},"excerpt":{"rendered":"<p>Die Leute, die uns regelm\u00e4\u00dfig im Blog besuchen, k\u00f6nnten denken, dass den letzten Monat \u00fcber nichts passiert ist, dem ist aber gar nicht so, aber nach den vielen Stunden Arbeit war das Schreiben am Rechner nicht drin. Mirella hat in der Zeit aber auch wieder Fortschritte gemacht,\u00a0 haupts\u00e4chlich durch uns selbst, teilweise aber auch mit &hellip; <\/p>\n<p class=\"link-more\"><a href=\"http:\/\/sail-mirella.de\/?p=512\" class=\"more-link\"><span class=\"screen-reader-text\">\u201eEin Monat vergangen, aber nicht ohne Arbeiten an Mirella :)\u201c<\/span> weiterlesen<\/a><\/p>\n","protected":false},"author":1,"featured_media":0,"comment_status":"open","ping_status":"open","sticky":false,"template":"","format":"standard","meta":{"footnotes":""},"categories":[1],"tags":[],"_links":{"self":[{"href":"http:\/\/sail-mirella.de\/index.php?rest_route=\/wp\/v2\/posts\/512"}],"collection":[{"href":"http:\/\/sail-mirella.de\/index.php?rest_route=\/wp\/v2\/posts"}],"about":[{"href":"http:\/\/sail-mirella.de\/index.php?rest_route=\/wp\/v2\/types\/post"}],"author":[{"embeddable":true,"href":"http:\/\/sail-mirella.de\/index.php?rest_route=\/wp\/v2\/users\/1"}],"replies":[{"embeddable":true,"href":"http:\/\/sail-mirella.de\/index.php?rest_route=%2Fwp%2Fv2%2Fcomments&post=512"}],"version-history":[{"count":3,"href":"http:\/\/sail-mirella.de\/index.php?rest_route=\/wp\/v2\/posts\/512\/revisions"}],"predecessor-version":[{"id":593,"href":"http:\/\/sail-mirella.de\/index.php?rest_route=\/wp\/v2\/posts\/512\/revisions\/593"}],"wp:attachment":[{"href":"http:\/\/sail-mirella.de\/index.php?rest_route=%2Fwp%2Fv2%2Fmedia&parent=512"}],"wp:term":[{"taxonomy":"category","embeddable":true,"href":"http:\/\/sail-mirella.de\/index.php?rest_route=%2Fwp%2Fv2%2Fcategories&post=512"},{"taxonomy":"post_tag","embeddable":true,"href":"http:\/\/sail-mirella.de\/index.php?rest_route=%2Fwp%2Fv2%2Ftags&post=512"}],"curies":[{"name":"wp","href":"https:\/\/api.w.org\/{rel}","templated":true}]}}