{"id":499,"date":"2020-07-26T23:01:31","date_gmt":"2020-07-26T22:01:31","guid":{"rendered":"http:\/\/sail-mirella.de\/?p=499"},"modified":"2021-02-19T19:53:53","modified_gmt":"2021-02-19T18:53:53","slug":"dieses-wochenende-viele-kleinigkeiten","status":"publish","type":"post","link":"http:\/\/sail-mirella.de\/?p=499","title":{"rendered":"Dieses Wochenende viele Kleinigkeiten"},"content":{"rendered":"<p>Nichts Gro\u00dfes zu sehen, k\u00f6nnte man sagen, aber viele Kleinigkeiten.<\/p>\n<p>Freitag morgen konnte ich endlich die Decksbalken im Vorschiff lackieren. Perfektion Plus im Spritzverfahren, den letzten Gang leicht mattiert, danke an Michael, der so super abgeklebt hat. Da freut man sich schon auf das wei\u00df Lackieren! Das wird erst die komplette\u00a0 Optik bringen, aber trotzdem schonmal ein Bild.<\/p>\n<figure id=\"attachment_490\" aria-describedby=\"caption-attachment-490\" style=\"width: 300px\" class=\"wp-caption alignnone\"><img loading=\"lazy\" decoding=\"async\" class=\"wp-image-490 size-medium\" src=\"http:\/\/sail-mirella.de\/wp-content\/uploads\/2020\/07\/IMG_2793-300x225.jpg\" alt=\"\" width=\"300\" height=\"225\" srcset=\"http:\/\/sail-mirella.de\/wp-content\/uploads\/2020\/07\/IMG_2793-300x225.jpg 300w, http:\/\/sail-mirella.de\/wp-content\/uploads\/2020\/07\/IMG_2793-1024x768.jpg 1024w, http:\/\/sail-mirella.de\/wp-content\/uploads\/2020\/07\/IMG_2793-768x576.jpg 768w, http:\/\/sail-mirella.de\/wp-content\/uploads\/2020\/07\/IMG_2793-1536x1152.jpg 1536w, http:\/\/sail-mirella.de\/wp-content\/uploads\/2020\/07\/IMG_2793-2048x1536.jpg 2048w\" sizes=\"(max-width: 300px) 100vw, 300px\" \/><figcaption id=\"caption-attachment-490\" class=\"wp-caption-text\">Der Perfektion Klarlack l\u00e4sst das Holz heller, da es nicht, wie die \u00d6llacke, die Farben &#8222;anfeuert&#8220;.<\/figcaption><\/figure>\n<p>Naja, Samstag war nicht viel mit Arbeiten, die Firma hat mal wieder die meiste Zeit beansprucht. Aber ein paar alte Borddurchl\u00e4sse wurden entfernt und auch festgelegt, dass die neuen besser platziert werden und dichter zu den &#8222;Verbrauchern&#8220; kommen sollen. Also werden wir mit ein paar Pfropfen die alten L\u00f6cher schlie\u00dfen. Dann mal checken, ob die neuen Borddurchl\u00e4sse auch richtig bestellt wurden&#8230; &#8211; siehe da, eine T\u00fclle fehlt, da muss ich mich drum k\u00fcmmern.<\/p>\n<p>Sonntag will ich dann erstmal die Geber der alten Nexus Anlage entfernen. Interessanterweise sind die Borddurchl\u00e4sse mit Ettan eingesetzt, was wunderbar gedichtet und das Holz gesch\u00fctzt hat. Auch eine Idee.<\/p>\n<p>F\u00fcr die Raymarine Anlage gibt es nur noch einen Geber (DST800), der in das alte Lotgeber-Loch soll. Dieses muss aber gr\u00f6\u00dfer und dabei auch richtig senkrecht gebohrt werden. Zwar ist drinnen und drau\u00dfen je ein Ausgleichsklotz , aber der Geber zeigt doch 5-10 Grad nach au\u00dfen. Das erkl\u00e4rt wohl auch das leichte Schaben \u00fcber einen Stein bei 2,20 Wassertiefe &#8211; mit 2,0 Meter Tiefgang eher ungew\u00f6hnlich -, aber wenn der Geber schr\u00e4g misst, wird die angebliche Tiefe gr\u00f6\u00dfer&#8230;&#8230;<\/p>\n<p>Au\u00dferdem habe ich das Autopilot-Fundament fertig gemacht. Und ein Ruderlagengeber-Fundament angefertigt und mit Epoxi versiegelt, wobei ich die L\u00f6cher f\u00fcr die Schrauben, die durchgehen, immer deutlich gr\u00f6\u00dfer aufbohre und mit angedicktem Epoxi f\u00fclle. Sp\u00e4ter bohre ich den Schraubendurchmesser in die &#8222;Epoxibuchse&#8220;, so wird das Eindringen von Wasser in die Sperrholzplatten verhindert.<\/p>\n<figure id=\"attachment_500\" aria-describedby=\"caption-attachment-500\" style=\"width: 503px\" class=\"wp-caption alignnone\"><img loading=\"lazy\" decoding=\"async\" class=\" wp-image-500\" src=\"http:\/\/sail-mirella.de\/wp-content\/uploads\/2020\/07\/IMG_2806-300x225.jpg\" alt=\"\" width=\"503\" height=\"377\" srcset=\"http:\/\/sail-mirella.de\/wp-content\/uploads\/2020\/07\/IMG_2806-300x225.jpg 300w, http:\/\/sail-mirella.de\/wp-content\/uploads\/2020\/07\/IMG_2806-1024x768.jpg 1024w, http:\/\/sail-mirella.de\/wp-content\/uploads\/2020\/07\/IMG_2806-768x576.jpg 768w, http:\/\/sail-mirella.de\/wp-content\/uploads\/2020\/07\/IMG_2806-1536x1152.jpg 1536w, http:\/\/sail-mirella.de\/wp-content\/uploads\/2020\/07\/IMG_2806-2048x1536.jpg 2048w\" sizes=\"(max-width: 503px) 100vw, 503px\" \/><figcaption id=\"caption-attachment-500\" class=\"wp-caption-text\">Das Autopilot-Fundament fertig zur Aufnahme des Antriebes.<\/figcaption><\/figure>\n<p>Die Fundamentplatte ist mit langen 8mm-Sechskantholzschrauben in die Eichenspanten gebolzt.<\/p>\n<p>Au\u00dferdem habe ich noch das alte Garmin GPS, den Nexus Server und einen Funklautsprecher aus dem Salon ausgebaut. So ist der Salon noch sch\u00f6ner :).<\/p>\n","protected":false},"excerpt":{"rendered":"<p>Nichts Gro\u00dfes zu sehen, k\u00f6nnte man sagen, aber viele Kleinigkeiten. Freitag morgen konnte ich endlich die Decksbalken im Vorschiff lackieren. Perfektion Plus im Spritzverfahren, den letzten Gang leicht mattiert, danke an Michael, der so super abgeklebt hat. Da freut man sich schon auf das wei\u00df Lackieren! Das wird erst die komplette\u00a0 Optik bringen, aber trotzdem &hellip; <\/p>\n<p class=\"link-more\"><a href=\"http:\/\/sail-mirella.de\/?p=499\" class=\"more-link\"><span class=\"screen-reader-text\">\u201eDieses Wochenende viele Kleinigkeiten\u201c<\/span> weiterlesen<\/a><\/p>\n","protected":false},"author":1,"featured_media":0,"comment_status":"open","ping_status":"open","sticky":false,"template":"","format":"standard","meta":{"footnotes":""},"categories":[1],"tags":[],"_links":{"self":[{"href":"http:\/\/sail-mirella.de\/index.php?rest_route=\/wp\/v2\/posts\/499"}],"collection":[{"href":"http:\/\/sail-mirella.de\/index.php?rest_route=\/wp\/v2\/posts"}],"about":[{"href":"http:\/\/sail-mirella.de\/index.php?rest_route=\/wp\/v2\/types\/post"}],"author":[{"embeddable":true,"href":"http:\/\/sail-mirella.de\/index.php?rest_route=\/wp\/v2\/users\/1"}],"replies":[{"embeddable":true,"href":"http:\/\/sail-mirella.de\/index.php?rest_route=%2Fwp%2Fv2%2Fcomments&post=499"}],"version-history":[{"count":3,"href":"http:\/\/sail-mirella.de\/index.php?rest_route=\/wp\/v2\/posts\/499\/revisions"}],"predecessor-version":[{"id":544,"href":"http:\/\/sail-mirella.de\/index.php?rest_route=\/wp\/v2\/posts\/499\/revisions\/544"}],"wp:attachment":[{"href":"http:\/\/sail-mirella.de\/index.php?rest_route=%2Fwp%2Fv2%2Fmedia&parent=499"}],"wp:term":[{"taxonomy":"category","embeddable":true,"href":"http:\/\/sail-mirella.de\/index.php?rest_route=%2Fwp%2Fv2%2Fcategories&post=499"},{"taxonomy":"post_tag","embeddable":true,"href":"http:\/\/sail-mirella.de\/index.php?rest_route=%2Fwp%2Fv2%2Ftags&post=499"}],"curies":[{"name":"wp","href":"https:\/\/api.w.org\/{rel}","templated":true}]}}