{"id":496,"date":"2020-07-24T22:36:33","date_gmt":"2020-07-24T21:36:33","guid":{"rendered":"http:\/\/sail-mirella.de\/?p=496"},"modified":"2021-02-19T20:02:19","modified_gmt":"2021-02-19T19:02:19","slug":"endlich-nun-ist-es-soweit","status":"publish","type":"post","link":"http:\/\/sail-mirella.de\/?p=496","title":{"rendered":"Endlich, nun ist es soweit&#8230;.."},"content":{"rendered":"<p>Lange haben wir und besonders Bart auf diesen Moment hingearbeitet. Da letzte Woche wieder (fast) nur Kundenauftr\u00e4ge anstanden, ging es mit den Planken erst diese Woche weiter.<\/p>\n<p>So sah es ja im Winter aus.<\/p>\n<figure id=\"attachment_309\" aria-describedby=\"caption-attachment-309\" style=\"width: 459px\" class=\"wp-caption alignnone\"><img loading=\"lazy\" decoding=\"async\" class=\" wp-image-309\" src=\"http:\/\/sail-mirella.de\/wp-content\/uploads\/2020\/03\/DSCN1357-300x225.jpg\" alt=\"\" width=\"459\" height=\"344\" srcset=\"http:\/\/sail-mirella.de\/wp-content\/uploads\/2020\/03\/DSCN1357-300x225.jpg 300w, http:\/\/sail-mirella.de\/wp-content\/uploads\/2020\/03\/DSCN1357-1024x768.jpg 1024w, http:\/\/sail-mirella.de\/wp-content\/uploads\/2020\/03\/DSCN1357-768x576.jpg 768w, http:\/\/sail-mirella.de\/wp-content\/uploads\/2020\/03\/DSCN1357-1536x1152.jpg 1536w, http:\/\/sail-mirella.de\/wp-content\/uploads\/2020\/03\/DSCN1357-2048x1536.jpg 2048w\" sizes=\"(max-width: 459px) 100vw, 459px\" \/><figcaption id=\"caption-attachment-309\" class=\"wp-caption-text\">Hier kann man gut erkennen, wie d\u00fcnn der Steven gerottet ist. Eigentlich geht er gut 10 cm weiter ins Schiff. Nach gut 115 Jahren und der schlechten Reparatur oberhalb des Stevens in den 70er Jahren ist dies nur verst\u00e4ndlich.<\/figcaption><\/figure>\n<p>Dann kam erst der Steven:<\/p>\n<p><img loading=\"lazy\" decoding=\"async\" class=\"alignnone wp-image-344\" src=\"http:\/\/sail-mirella.de\/wp-content\/uploads\/2020\/04\/IMG_1988-225x300.jpg\" alt=\"\" width=\"461\" height=\"615\" srcset=\"http:\/\/sail-mirella.de\/wp-content\/uploads\/2020\/04\/IMG_1988-225x300.jpg 225w, http:\/\/sail-mirella.de\/wp-content\/uploads\/2020\/04\/IMG_1988-768x1024.jpg 768w, http:\/\/sail-mirella.de\/wp-content\/uploads\/2020\/04\/IMG_1988-1152x1536.jpg 1152w, http:\/\/sail-mirella.de\/wp-content\/uploads\/2020\/04\/IMG_1988-1536x2048.jpg 1536w, http:\/\/sail-mirella.de\/wp-content\/uploads\/2020\/04\/IMG_1988-scaled.jpg 1920w\" sizes=\"(max-width: 461px) 100vw, 461px\" \/><\/p>\n<p>Das war der erste Meilenstein auf dem Weg des Aufbaus.<\/p>\n<p>Dann kamen die Planken auf der Bb-Seite&#8230;..<\/p>\n<figure id=\"attachment_466\" aria-describedby=\"caption-attachment-466\" style=\"width: 458px\" class=\"wp-caption alignnone\"><img loading=\"lazy\" decoding=\"async\" class=\" wp-image-466\" src=\"http:\/\/sail-mirella.de\/wp-content\/uploads\/2020\/07\/IMG_2664-300x225.jpg\" alt=\"\" width=\"458\" height=\"343\" srcset=\"http:\/\/sail-mirella.de\/wp-content\/uploads\/2020\/07\/IMG_2664-300x225.jpg 300w, http:\/\/sail-mirella.de\/wp-content\/uploads\/2020\/07\/IMG_2664-1024x768.jpg 1024w, http:\/\/sail-mirella.de\/wp-content\/uploads\/2020\/07\/IMG_2664-768x576.jpg 768w, http:\/\/sail-mirella.de\/wp-content\/uploads\/2020\/07\/IMG_2664-1536x1152.jpg 1536w, http:\/\/sail-mirella.de\/wp-content\/uploads\/2020\/07\/IMG_2664-2048x1536.jpg 2048w\" sizes=\"(max-width: 458px) 100vw, 458px\" \/><figcaption id=\"caption-attachment-466\" class=\"wp-caption-text\">Zu! Bis auf den Spund deben dem Ruderkoker.<\/figcaption><\/figure>\n<p>Dann wuchs der Rumpf an Steuerbord zu, ein herrlicher Anblick auch von innen.<\/p>\n<p><img loading=\"lazy\" decoding=\"async\" class=\"alignnone wp-image-467\" src=\"http:\/\/sail-mirella.de\/wp-content\/uploads\/2020\/07\/IMG_2676-225x300.jpg\" alt=\"\" width=\"456\" height=\"608\" srcset=\"http:\/\/sail-mirella.de\/wp-content\/uploads\/2020\/07\/IMG_2676-225x300.jpg 225w, http:\/\/sail-mirella.de\/wp-content\/uploads\/2020\/07\/IMG_2676-1152x1536.jpg 1152w, http:\/\/sail-mirella.de\/wp-content\/uploads\/2020\/07\/IMG_2676-1536x2048.jpg 1536w, http:\/\/sail-mirella.de\/wp-content\/uploads\/2020\/07\/IMG_2676-scaled.jpg 1920w\" sizes=\"(max-width: 456px) 100vw, 456px\" \/><\/p>\n<p>Und nun hat Bart die letzte PLanke drin. Der Rumpf ist zu!<\/p>\n<p><img loading=\"lazy\" decoding=\"async\" class=\"alignnone wp-image-486\" src=\"http:\/\/sail-mirella.de\/wp-content\/uploads\/2020\/07\/IMG_2780-300x225.jpg\" alt=\"\" width=\"459\" height=\"344\" srcset=\"http:\/\/sail-mirella.de\/wp-content\/uploads\/2020\/07\/IMG_2780-300x225.jpg 300w, http:\/\/sail-mirella.de\/wp-content\/uploads\/2020\/07\/IMG_2780-1024x768.jpg 1024w, http:\/\/sail-mirella.de\/wp-content\/uploads\/2020\/07\/IMG_2780-768x576.jpg 768w, http:\/\/sail-mirella.de\/wp-content\/uploads\/2020\/07\/IMG_2780-1536x1152.jpg 1536w, http:\/\/sail-mirella.de\/wp-content\/uploads\/2020\/07\/IMG_2780-2048x1536.jpg 2048w\" sizes=\"(max-width: 459px) 100vw, 459px\" \/><\/p>\n<p>Alles original mit Oregon Pine- und Eichenspanten wieder aufgebaut. F\u00fcr die hoffentlich n\u00e4chsten 115 Jahre&#8230;<\/p>\n<figure id=\"attachment_489\" aria-describedby=\"caption-attachment-489\" style=\"width: 459px\" class=\"wp-caption alignnone\"><img loading=\"lazy\" decoding=\"async\" class=\"wp-image-489\" src=\"http:\/\/sail-mirella.de\/wp-content\/uploads\/2020\/07\/IMG_2792-225x300.jpg\" alt=\"\" width=\"459\" height=\"612\" srcset=\"http:\/\/sail-mirella.de\/wp-content\/uploads\/2020\/07\/IMG_2792-225x300.jpg 225w, http:\/\/sail-mirella.de\/wp-content\/uploads\/2020\/07\/IMG_2792-1152x1536.jpg 1152w, http:\/\/sail-mirella.de\/wp-content\/uploads\/2020\/07\/IMG_2792-1536x2048.jpg 1536w, http:\/\/sail-mirella.de\/wp-content\/uploads\/2020\/07\/IMG_2792-scaled.jpg 1920w\" sizes=\"(max-width: 459px) 100vw, 459px\" \/><figcaption id=\"caption-attachment-489\" class=\"wp-caption-text\">Der stolze Bootsbauer bei seinem Werk, Posen erlaubt!<\/figcaption><\/figure>\n<p>Nat\u00fcrlich ist jetzt noch viel Arbeit am Rumpf. Die Planken und der Steven m\u00fcssen noch au\u00dfen geformt, die Bodenwrangen verbolzt werden. Donnerstag wurde die VA-Bodenwrange eingepasst (Danke Tom!) Der Sprint zum Wasser geht los.<\/p>\n","protected":false},"excerpt":{"rendered":"<p>Lange haben wir und besonders Bart auf diesen Moment hingearbeitet. Da letzte Woche wieder (fast) nur Kundenauftr\u00e4ge anstanden, ging es mit den Planken erst diese Woche weiter. So sah es ja im Winter aus. Dann kam erst der Steven: Das war der erste Meilenstein auf dem Weg des Aufbaus. Dann kamen die Planken auf der &hellip; <\/p>\n<p class=\"link-more\"><a href=\"http:\/\/sail-mirella.de\/?p=496\" class=\"more-link\"><span class=\"screen-reader-text\">\u201eEndlich, nun ist es soweit&#8230;..\u201c<\/span> weiterlesen<\/a><\/p>\n","protected":false},"author":1,"featured_media":0,"comment_status":"open","ping_status":"open","sticky":false,"template":"","format":"standard","meta":{"footnotes":""},"categories":[1],"tags":[],"_links":{"self":[{"href":"http:\/\/sail-mirella.de\/index.php?rest_route=\/wp\/v2\/posts\/496"}],"collection":[{"href":"http:\/\/sail-mirella.de\/index.php?rest_route=\/wp\/v2\/posts"}],"about":[{"href":"http:\/\/sail-mirella.de\/index.php?rest_route=\/wp\/v2\/types\/post"}],"author":[{"embeddable":true,"href":"http:\/\/sail-mirella.de\/index.php?rest_route=\/wp\/v2\/users\/1"}],"replies":[{"embeddable":true,"href":"http:\/\/sail-mirella.de\/index.php?rest_route=%2Fwp%2Fv2%2Fcomments&post=496"}],"version-history":[{"count":4,"href":"http:\/\/sail-mirella.de\/index.php?rest_route=\/wp\/v2\/posts\/496\/revisions"}],"predecessor-version":[{"id":546,"href":"http:\/\/sail-mirella.de\/index.php?rest_route=\/wp\/v2\/posts\/496\/revisions\/546"}],"wp:attachment":[{"href":"http:\/\/sail-mirella.de\/index.php?rest_route=%2Fwp%2Fv2%2Fmedia&parent=496"}],"wp:term":[{"taxonomy":"category","embeddable":true,"href":"http:\/\/sail-mirella.de\/index.php?rest_route=%2Fwp%2Fv2%2Fcategories&post=496"},{"taxonomy":"post_tag","embeddable":true,"href":"http:\/\/sail-mirella.de\/index.php?rest_route=%2Fwp%2Fv2%2Ftags&post=496"}],"curies":[{"name":"wp","href":"https:\/\/api.w.org\/{rel}","templated":true}]}}