{"id":470,"date":"2020-07-13T21:17:12","date_gmt":"2020-07-13T20:17:12","guid":{"rendered":"http:\/\/sail-mirella.de\/?p=470"},"modified":"2021-02-19T20:09:30","modified_gmt":"2021-02-19T19:09:30","slug":"innen-tut-sich-auch-wieder-etwas","status":"publish","type":"post","link":"http:\/\/sail-mirella.de\/?p=470","title":{"rendered":"Innen tut sich auch wieder etwas&#8230;&#8230;"},"content":{"rendered":"<p>Diesen Sonntag haben Stephi und ich endlich wieder gemeinsam Zeit. Nun, wo Bart mit der Au\u00dfenhaut so Gas gibt, m\u00fcssen wir innen nachziehen. Gerne wollen wir ja dieses Jahr noch segeln, m\u00f6glichst im Sommer.<\/p>\n<p>Also mal wieder ins Vorschiff. Letzte Woche waren wir schon beim Matratzenlieferanten, der braucht Ma\u00dfe.<\/p>\n<p>Deswegen greifen wir gemeinsam nochmal zu Ziehklinge, Excenter-, kleinem Schwing- und Multimaster-Schleifer. Um an die &#8222;Problemzonen&#8220; zwischen Decksschlinge und Deck zu kommen, testen wir einen LHW, Langhalswinkelschleifer. Ein famoses Ger\u00e4t f\u00fcr solche difizilen\u00a0 Stelle &#8211;\u00a0 allerdings mit viel Vorsicht anzuwenden.<\/p>\n<figure id=\"attachment_477\" aria-describedby=\"caption-attachment-477\" style=\"width: 529px\" class=\"wp-caption alignnone\"><img loading=\"lazy\" decoding=\"async\" class=\"wp-image-477\" src=\"http:\/\/sail-mirella.de\/wp-content\/uploads\/2020\/07\/5f1aef1e-0150-4bd3-90f9-2b6ad988027c-225x300.jpg\" alt=\"\" width=\"529\" height=\"705\" srcset=\"http:\/\/sail-mirella.de\/wp-content\/uploads\/2020\/07\/5f1aef1e-0150-4bd3-90f9-2b6ad988027c-225x300.jpg 225w, http:\/\/sail-mirella.de\/wp-content\/uploads\/2020\/07\/5f1aef1e-0150-4bd3-90f9-2b6ad988027c-768x1024.jpg 768w, http:\/\/sail-mirella.de\/wp-content\/uploads\/2020\/07\/5f1aef1e-0150-4bd3-90f9-2b6ad988027c-1152x1536.jpg 1152w, http:\/\/sail-mirella.de\/wp-content\/uploads\/2020\/07\/5f1aef1e-0150-4bd3-90f9-2b6ad988027c.jpg 1200w\" sizes=\"(max-width: 529px) 100vw, 529px\" \/><figcaption id=\"caption-attachment-477\" class=\"wp-caption-text\">Stephi im Einsatz, immer noch findet man Klebstellen&#8230;&#8230;<\/figcaption><\/figure>\n<p>Das Arbeitzen besteht aus immer nochmal hier und da Lein\u00f6l wegkratzen, dann schleifen, erst grob dann fein. Haupts\u00e4chlich an den ganzen unzug\u00e4nglichen Stellen.<\/p>\n<figure id=\"attachment_478\" aria-describedby=\"caption-attachment-478\" style=\"width: 539px\" class=\"wp-caption alignnone\"><img loading=\"lazy\" decoding=\"async\" class=\"wp-image-478 \" src=\"http:\/\/sail-mirella.de\/wp-content\/uploads\/2020\/07\/IMG_1366-300x225.jpg\" alt=\"\" width=\"539\" height=\"404\" srcset=\"http:\/\/sail-mirella.de\/wp-content\/uploads\/2020\/07\/IMG_1366-300x225.jpg 300w, http:\/\/sail-mirella.de\/wp-content\/uploads\/2020\/07\/IMG_1366-1024x768.jpg 1024w, http:\/\/sail-mirella.de\/wp-content\/uploads\/2020\/07\/IMG_1366-768x576.jpg 768w, http:\/\/sail-mirella.de\/wp-content\/uploads\/2020\/07\/IMG_1366-1536x1152.jpg 1536w, http:\/\/sail-mirella.de\/wp-content\/uploads\/2020\/07\/IMG_1366-2048x1536.jpg 2048w\" sizes=\"(max-width: 539px) 100vw, 539px\" \/><figcaption id=\"caption-attachment-478\" class=\"wp-caption-text\">Hier sieht man gut die vorderen Felder, die noch eher schw\u00e4rzlich sind&#8230;..<\/figcaption><\/figure>\n<p>Nach einem sehr erfolgreichen Tag sieht das Ganze dann schon mal so aus:<\/p>\n<figure id=\"attachment_480\" aria-describedby=\"caption-attachment-480\" style=\"width: 549px\" class=\"wp-caption alignnone\"><img loading=\"lazy\" decoding=\"async\" class=\" wp-image-480\" src=\"http:\/\/sail-mirella.de\/wp-content\/uploads\/2020\/07\/6ade21ae-f2c1-48e5-acec-71e8a43b9bf7-300x225.jpg\" alt=\"\" width=\"549\" height=\"412\" srcset=\"http:\/\/sail-mirella.de\/wp-content\/uploads\/2020\/07\/6ade21ae-f2c1-48e5-acec-71e8a43b9bf7-300x225.jpg 300w, http:\/\/sail-mirella.de\/wp-content\/uploads\/2020\/07\/6ade21ae-f2c1-48e5-acec-71e8a43b9bf7-1024x768.jpg 1024w, http:\/\/sail-mirella.de\/wp-content\/uploads\/2020\/07\/6ade21ae-f2c1-48e5-acec-71e8a43b9bf7-768x576.jpg 768w, http:\/\/sail-mirella.de\/wp-content\/uploads\/2020\/07\/6ade21ae-f2c1-48e5-acec-71e8a43b9bf7-1536x1152.jpg 1536w, http:\/\/sail-mirella.de\/wp-content\/uploads\/2020\/07\/6ade21ae-f2c1-48e5-acec-71e8a43b9bf7.jpg 1600w\" sizes=\"(max-width: 549px) 100vw, 549px\" \/><figcaption id=\"caption-attachment-480\" class=\"wp-caption-text\">Oregon Pine hat vom Aussehen her viel \u00c4hnlichkeit mit Pitchpine, dem Holz aus dem viele alte (und nat\u00fcrlich auch neue) Dielenfu\u00dfb\u00f6den sind. Ein herlicher Anblick &#8211; finden wir&#8230;..<\/figcaption><\/figure>\n<figure id=\"attachment_475\" aria-describedby=\"caption-attachment-475\" style=\"width: 547px\" class=\"wp-caption alignnone\"><img loading=\"lazy\" decoding=\"async\" class=\" wp-image-475\" src=\"http:\/\/sail-mirella.de\/wp-content\/uploads\/2020\/07\/IMG_2695-300x225.jpg\" alt=\"\" width=\"547\" height=\"410\" srcset=\"http:\/\/sail-mirella.de\/wp-content\/uploads\/2020\/07\/IMG_2695-300x225.jpg 300w, http:\/\/sail-mirella.de\/wp-content\/uploads\/2020\/07\/IMG_2695-1024x768.jpg 1024w, http:\/\/sail-mirella.de\/wp-content\/uploads\/2020\/07\/IMG_2695-768x576.jpg 768w, http:\/\/sail-mirella.de\/wp-content\/uploads\/2020\/07\/IMG_2695-1536x1152.jpg 1536w, http:\/\/sail-mirella.de\/wp-content\/uploads\/2020\/07\/IMG_2695-2048x1536.jpg 2048w\" sizes=\"(max-width: 547px) 100vw, 547px\" \/><figcaption id=\"caption-attachment-475\" class=\"wp-caption-text\">Hier sieht man gut den Unterschied vorher-nachher: Links die Ausfachung mit dem Lein\u00f6l, auf dem viel Schmutz, aber teilweise sogar auch Schimmelsporen (in den Ecken) h\u00e4ngen, rechts das geschliffene Holz, das sp\u00e4ter ge\u00f6lt wird. Aber mit Wei\u00df\u00f6l statt mit Lein\u00f6l. Es soll genauso gut konservieren, riecht und klebt aber nicht so.<\/figcaption><\/figure>\n<p>So sind wir sehr zufrieden am Sonntag Abend und g\u00f6nnen uns ein Essengehen, statt selber zu kochen.<\/p>\n","protected":false},"excerpt":{"rendered":"<p>Diesen Sonntag haben Stephi und ich endlich wieder gemeinsam Zeit. Nun, wo Bart mit der Au\u00dfenhaut so Gas gibt, m\u00fcssen wir innen nachziehen. Gerne wollen wir ja dieses Jahr noch segeln, m\u00f6glichst im Sommer. Also mal wieder ins Vorschiff. Letzte Woche waren wir schon beim Matratzenlieferanten, der braucht Ma\u00dfe. Deswegen greifen wir gemeinsam nochmal zu &hellip; <\/p>\n<p class=\"link-more\"><a href=\"http:\/\/sail-mirella.de\/?p=470\" class=\"more-link\"><span class=\"screen-reader-text\">\u201eInnen tut sich auch wieder etwas&#8230;&#8230;\u201c<\/span> weiterlesen<\/a><\/p>\n","protected":false},"author":1,"featured_media":0,"comment_status":"open","ping_status":"open","sticky":false,"template":"","format":"standard","meta":{"footnotes":""},"categories":[1],"tags":[],"_links":{"self":[{"href":"http:\/\/sail-mirella.de\/index.php?rest_route=\/wp\/v2\/posts\/470"}],"collection":[{"href":"http:\/\/sail-mirella.de\/index.php?rest_route=\/wp\/v2\/posts"}],"about":[{"href":"http:\/\/sail-mirella.de\/index.php?rest_route=\/wp\/v2\/types\/post"}],"author":[{"embeddable":true,"href":"http:\/\/sail-mirella.de\/index.php?rest_route=\/wp\/v2\/users\/1"}],"replies":[{"embeddable":true,"href":"http:\/\/sail-mirella.de\/index.php?rest_route=%2Fwp%2Fv2%2Fcomments&post=470"}],"version-history":[{"count":4,"href":"http:\/\/sail-mirella.de\/index.php?rest_route=\/wp\/v2\/posts\/470\/revisions"}],"predecessor-version":[{"id":548,"href":"http:\/\/sail-mirella.de\/index.php?rest_route=\/wp\/v2\/posts\/470\/revisions\/548"}],"wp:attachment":[{"href":"http:\/\/sail-mirella.de\/index.php?rest_route=%2Fwp%2Fv2%2Fmedia&parent=470"}],"wp:term":[{"taxonomy":"category","embeddable":true,"href":"http:\/\/sail-mirella.de\/index.php?rest_route=%2Fwp%2Fv2%2Fcategories&post=470"},{"taxonomy":"post_tag","embeddable":true,"href":"http:\/\/sail-mirella.de\/index.php?rest_route=%2Fwp%2Fv2%2Ftags&post=470"}],"curies":[{"name":"wp","href":"https:\/\/api.w.org\/{rel}","templated":true}]}}