{"id":459,"date":"2020-07-10T20:49:48","date_gmt":"2020-07-10T19:49:48","guid":{"rendered":"http:\/\/sail-mirella.de\/?p=459"},"modified":"2020-07-13T20:59:12","modified_gmt":"2020-07-13T19:59:12","slug":"nun-waechst-der-rumpf-zu","status":"publish","type":"post","link":"http:\/\/sail-mirella.de\/?p=459","title":{"rendered":"nun w\u00e4chst der Rumpf zu&#8230;.."},"content":{"rendered":"<p>schon kurz nach dem Bohren der gro\u00dfen L\u00f6cher hat Bart angefangen die Planken wieder einzusetzen., was sich so leicht anh\u00f6rt ist nichzt ganz so trivial. 1. muss die Planke angefertigt werden, ein 3 dimensionales Objekt das sich ja auch noch dreht (Rumpfform) und damit selbst die Form ver\u00e4ndert. Als Verbindung zur alten Planke haben wir die Sch\u00e4ftung gew\u00e4hlt. Der gro\u00dfe Vorteil ist, das die Planke hinterher wie ein St\u00fcck ist, genauso biegt und genauso stabil ist wie fr\u00fcher mal die ganze Planke war.\u00a0 2. muss die Planek in die Sponung passen (das ist die Aufnahme der Planke am Steven) und 3. sollte sie ganz passgenau sein, damit Sie beim Quellen die alte Planken &#8222;verspannt&#8220; und das Schiff somit wieder eine h\u00f6here Festigkeit hat als vor der Reparatur.<\/p>\n<p>Bart ist alles 3 ausgesprochen gut gelungen.<\/p>\n<figure id=\"attachment_462\" aria-describedby=\"caption-attachment-462\" style=\"width: 561px\" class=\"wp-caption alignnone\"><img loading=\"lazy\" decoding=\"async\" class=\" wp-image-462\" src=\"http:\/\/sail-mirella.de\/wp-content\/uploads\/2020\/07\/IMG_2620-300x225.jpg\" alt=\"\" width=\"561\" height=\"421\" srcset=\"http:\/\/sail-mirella.de\/wp-content\/uploads\/2020\/07\/IMG_2620-300x225.jpg 300w, http:\/\/sail-mirella.de\/wp-content\/uploads\/2020\/07\/IMG_2620-1024x768.jpg 1024w, http:\/\/sail-mirella.de\/wp-content\/uploads\/2020\/07\/IMG_2620-768x576.jpg 768w, http:\/\/sail-mirella.de\/wp-content\/uploads\/2020\/07\/IMG_2620-1536x1152.jpg 1536w, http:\/\/sail-mirella.de\/wp-content\/uploads\/2020\/07\/IMG_2620-2048x1536.jpg 2048w\" sizes=\"(max-width: 561px) 100vw, 561px\" \/><figcaption id=\"caption-attachment-462\" class=\"wp-caption-text\">Die erste Planke sitzt, was f\u00fcr ein sch\u00f6nes Gef\u00fchl! Gut erkennen kann man auch die vorbereitete Sch\u00e4ftung an der 2. Planke.<\/figcaption><\/figure>\n<figure id=\"attachment_461\" aria-describedby=\"caption-attachment-461\" style=\"width: 567px\" class=\"wp-caption alignnone\"><img loading=\"lazy\" decoding=\"async\" class=\"wp-image-461 \" src=\"http:\/\/sail-mirella.de\/wp-content\/uploads\/2020\/07\/3cc14375-44c7-48d0-9309-676e8a862d79-300x225.jpg\" alt=\"\" width=\"567\" height=\"425\" srcset=\"http:\/\/sail-mirella.de\/wp-content\/uploads\/2020\/07\/3cc14375-44c7-48d0-9309-676e8a862d79-300x225.jpg 300w, http:\/\/sail-mirella.de\/wp-content\/uploads\/2020\/07\/3cc14375-44c7-48d0-9309-676e8a862d79-1024x768.jpg 1024w, http:\/\/sail-mirella.de\/wp-content\/uploads\/2020\/07\/3cc14375-44c7-48d0-9309-676e8a862d79-768x576.jpg 768w, http:\/\/sail-mirella.de\/wp-content\/uploads\/2020\/07\/3cc14375-44c7-48d0-9309-676e8a862d79-1536x1152.jpg 1536w, http:\/\/sail-mirella.de\/wp-content\/uploads\/2020\/07\/3cc14375-44c7-48d0-9309-676e8a862d79.jpg 1600w\" sizes=\"(max-width: 567px) 100vw, 567px\" \/><figcaption id=\"caption-attachment-461\" class=\"wp-caption-text\">die 2. Planke besteht aus 2 schmaleren, die 300er Breite war nicht zu bekommen. gut sieht man hier die Kanth\u00f6lzer und Keile zum anpressen der Sch\u00e4ftungsleimung.<\/figcaption><\/figure>\n<figure id=\"attachment_465\" aria-describedby=\"caption-attachment-465\" style=\"width: 565px\" class=\"wp-caption alignnone\"><img loading=\"lazy\" decoding=\"async\" class=\"wp-image-465 \" src=\"http:\/\/sail-mirella.de\/wp-content\/uploads\/2020\/07\/IMG_2649-300x225.jpg\" alt=\"\" width=\"565\" height=\"424\" srcset=\"http:\/\/sail-mirella.de\/wp-content\/uploads\/2020\/07\/IMG_2649-300x225.jpg 300w, http:\/\/sail-mirella.de\/wp-content\/uploads\/2020\/07\/IMG_2649-1024x768.jpg 1024w, http:\/\/sail-mirella.de\/wp-content\/uploads\/2020\/07\/IMG_2649-768x576.jpg 768w, http:\/\/sail-mirella.de\/wp-content\/uploads\/2020\/07\/IMG_2649-1536x1152.jpg 1536w, http:\/\/sail-mirella.de\/wp-content\/uploads\/2020\/07\/IMG_2649-2048x1536.jpg 2048w\" sizes=\"(max-width: 565px) 100vw, 565px\" \/><figcaption id=\"caption-attachment-465\" class=\"wp-caption-text\">hier kann man sch\u00f6n sehen wie die Planke fixiert wird vor dem Schrauben.<\/figcaption><\/figure>\n<figure id=\"attachment_466\" aria-describedby=\"caption-attachment-466\" style=\"width: 556px\" class=\"wp-caption alignnone\"><img loading=\"lazy\" decoding=\"async\" class=\" wp-image-466\" src=\"http:\/\/sail-mirella.de\/wp-content\/uploads\/2020\/07\/IMG_2664-300x225.jpg\" alt=\"\" width=\"556\" height=\"417\" srcset=\"http:\/\/sail-mirella.de\/wp-content\/uploads\/2020\/07\/IMG_2664-300x225.jpg 300w, http:\/\/sail-mirella.de\/wp-content\/uploads\/2020\/07\/IMG_2664-1024x768.jpg 1024w, http:\/\/sail-mirella.de\/wp-content\/uploads\/2020\/07\/IMG_2664-768x576.jpg 768w, http:\/\/sail-mirella.de\/wp-content\/uploads\/2020\/07\/IMG_2664-1536x1152.jpg 1536w, http:\/\/sail-mirella.de\/wp-content\/uploads\/2020\/07\/IMG_2664-2048x1536.jpg 2048w\" sizes=\"(max-width: 556px) 100vw, 556px\" \/><figcaption id=\"caption-attachment-466\" class=\"wp-caption-text\">Zu, bis auf den Spund neben dem Ruderkoker. Was f\u00fcr ein Fest.<\/figcaption><\/figure>\n<figure id=\"attachment_467\" aria-describedby=\"caption-attachment-467\" style=\"width: 555px\" class=\"wp-caption alignnone\"><img loading=\"lazy\" decoding=\"async\" class=\"wp-image-467 \" src=\"http:\/\/sail-mirella.de\/wp-content\/uploads\/2020\/07\/IMG_2676-225x300.jpg\" alt=\"\" width=\"555\" height=\"740\" srcset=\"http:\/\/sail-mirella.de\/wp-content\/uploads\/2020\/07\/IMG_2676-225x300.jpg 225w, http:\/\/sail-mirella.de\/wp-content\/uploads\/2020\/07\/IMG_2676-1152x1536.jpg 1152w, http:\/\/sail-mirella.de\/wp-content\/uploads\/2020\/07\/IMG_2676-1536x2048.jpg 1536w, http:\/\/sail-mirella.de\/wp-content\/uploads\/2020\/07\/IMG_2676-scaled.jpg 1920w\" sizes=\"(max-width: 555px) 100vw, 555px\" \/><figcaption id=\"caption-attachment-467\" class=\"wp-caption-text\">Daf\u00fcr von innen zu sehen: die wundeersch\u00f6nen Planken und diese auch schon Steuerbord.<\/figcaption><\/figure>\n<figure id=\"attachment_443\" aria-describedby=\"caption-attachment-443\" style=\"width: 511px\" class=\"wp-caption alignnone\"><img loading=\"lazy\" decoding=\"async\" class=\" wp-image-443\" src=\"http:\/\/sail-mirella.de\/wp-content\/uploads\/2020\/07\/IMG_2556-225x300.jpg\" alt=\"\" width=\"511\" height=\"681\" srcset=\"http:\/\/sail-mirella.de\/wp-content\/uploads\/2020\/07\/IMG_2556-225x300.jpg 225w, http:\/\/sail-mirella.de\/wp-content\/uploads\/2020\/07\/IMG_2556-1152x1536.jpg 1152w, http:\/\/sail-mirella.de\/wp-content\/uploads\/2020\/07\/IMG_2556-1536x2048.jpg 1536w, http:\/\/sail-mirella.de\/wp-content\/uploads\/2020\/07\/IMG_2556-scaled.jpg 1920w\" sizes=\"(max-width: 511px) 100vw, 511px\" \/><figcaption id=\"caption-attachment-443\" class=\"wp-caption-text\">Nur zur rinnerung, vor kurzem sah der Rumpf von innen noch so aus&#8230;&#8230;<\/figcaption><\/figure>\n<p>&nbsp;<\/p>\n","protected":false},"excerpt":{"rendered":"<p>schon kurz nach dem Bohren der gro\u00dfen L\u00f6cher hat Bart angefangen die Planken wieder einzusetzen., was sich so leicht anh\u00f6rt ist nichzt ganz so trivial. 1. muss die Planke angefertigt werden, ein 3 dimensionales Objekt das sich ja auch noch dreht (Rumpfform) und damit selbst die Form ver\u00e4ndert. Als Verbindung zur alten Planke haben wir &hellip; <\/p>\n<p class=\"link-more\"><a href=\"http:\/\/sail-mirella.de\/?p=459\" class=\"more-link\"><span class=\"screen-reader-text\">\u201enun w\u00e4chst der Rumpf zu&#8230;..\u201c<\/span> weiterlesen<\/a><\/p>\n","protected":false},"author":1,"featured_media":0,"comment_status":"open","ping_status":"open","sticky":false,"template":"","format":"standard","meta":{"footnotes":""},"categories":[1],"tags":[],"_links":{"self":[{"href":"http:\/\/sail-mirella.de\/index.php?rest_route=\/wp\/v2\/posts\/459"}],"collection":[{"href":"http:\/\/sail-mirella.de\/index.php?rest_route=\/wp\/v2\/posts"}],"about":[{"href":"http:\/\/sail-mirella.de\/index.php?rest_route=\/wp\/v2\/types\/post"}],"author":[{"embeddable":true,"href":"http:\/\/sail-mirella.de\/index.php?rest_route=\/wp\/v2\/users\/1"}],"replies":[{"embeddable":true,"href":"http:\/\/sail-mirella.de\/index.php?rest_route=%2Fwp%2Fv2%2Fcomments&post=459"}],"version-history":[{"count":3,"href":"http:\/\/sail-mirella.de\/index.php?rest_route=\/wp\/v2\/posts\/459\/revisions"}],"predecessor-version":[{"id":474,"href":"http:\/\/sail-mirella.de\/index.php?rest_route=\/wp\/v2\/posts\/459\/revisions\/474"}],"wp:attachment":[{"href":"http:\/\/sail-mirella.de\/index.php?rest_route=%2Fwp%2Fv2%2Fmedia&parent=459"}],"wp:term":[{"taxonomy":"category","embeddable":true,"href":"http:\/\/sail-mirella.de\/index.php?rest_route=%2Fwp%2Fv2%2Fcategories&post=459"},{"taxonomy":"post_tag","embeddable":true,"href":"http:\/\/sail-mirella.de\/index.php?rest_route=%2Fwp%2Fv2%2Ftags&post=459"}],"curies":[{"name":"wp","href":"https:\/\/api.w.org\/{rel}","templated":true}]}}