{"id":448,"date":"2020-06-21T22:47:00","date_gmt":"2020-06-21T21:47:00","guid":{"rendered":"http:\/\/sail-mirella.de\/?p=448"},"modified":"2020-07-13T21:21:08","modified_gmt":"2020-07-13T20:21:08","slug":"nun-mal-cockpit","status":"publish","type":"post","link":"http:\/\/sail-mirella.de\/?p=448","title":{"rendered":"Nun mal Cockpit&#8230;.."},"content":{"rendered":"<p>da unsere Zeit ja knapp wird mu\u00dfte ein Plan her wie wir es trotzdem noch ins Wasser und zu einem sch\u00f6nen T\u00f6rn schaffen k\u00f6nnen. Da Bart noch ein wenig mit den Spanten, Bodenwrangen und Planken braucht m\u00f6chte ich jetzt schon die restlichen Cockpitteile vorbereiten, damit s nach dem Rumpf auch schnell\u00b4 mit dem Rest geht.<\/p>\n<p>Also steht heute di tragende Konstruktion des Cockpits an. Das Wetter soll pr\u00e4chtig werden, also fr\u00fch anfangen um was zu schafen bevor es evtl zu hei\u00df wird.<\/p>\n<p>Als erstes werden noch Reste der alten Cokpitwand entfernt und der rest Tr\u00e4ger aus der vorderen Cockpitwand &#8222;gepult&#8220;. Dann s\u00e4ge ich den vorher schon verleimten Bodentr\u00e4ger auf das alte Ma\u00df.<\/p>\n<figure style=\"width: 431px\" class=\"wp-caption alignnone\"><img loading=\"lazy\" decoding=\"async\" class=\"wp-image-435\" src=\"http:\/\/sail-mirella.de\/wp-content\/uploads\/2020\/07\/IMG_2514-300x225.jpg\" alt=\"\" width=\"431\" height=\"323\" srcset=\"http:\/\/sail-mirella.de\/wp-content\/uploads\/2020\/07\/IMG_2514-300x225.jpg 300w, http:\/\/sail-mirella.de\/wp-content\/uploads\/2020\/07\/IMG_2514-1024x768.jpg 1024w, http:\/\/sail-mirella.de\/wp-content\/uploads\/2020\/07\/IMG_2514-768x576.jpg 768w, http:\/\/sail-mirella.de\/wp-content\/uploads\/2020\/07\/IMG_2514-1536x1152.jpg 1536w, http:\/\/sail-mirella.de\/wp-content\/uploads\/2020\/07\/IMG_2514-2048x1536.jpg 2048w\" sizes=\"(max-width: 431px) 100vw, 431px\" \/><figcaption class=\"wp-caption-text\">So sah der verleimte Oregonpine Balken aus.<\/figcaption><\/figure>\n<p>&nbsp;<\/p>\n<figure id=\"attachment_437\" aria-describedby=\"caption-attachment-437\" style=\"width: 436px\" class=\"wp-caption alignnone\"><img loading=\"lazy\" decoding=\"async\" class=\"wp-image-437\" src=\"http:\/\/sail-mirella.de\/wp-content\/uploads\/2020\/07\/IMG_2516-225x300.jpg\" alt=\"\" width=\"436\" height=\"581\" srcset=\"http:\/\/sail-mirella.de\/wp-content\/uploads\/2020\/07\/IMG_2516-225x300.jpg 225w, http:\/\/sail-mirella.de\/wp-content\/uploads\/2020\/07\/IMG_2516-1152x1536.jpg 1152w, http:\/\/sail-mirella.de\/wp-content\/uploads\/2020\/07\/IMG_2516-1536x2048.jpg 1536w, http:\/\/sail-mirella.de\/wp-content\/uploads\/2020\/07\/IMG_2516-scaled.jpg 1920w\" sizes=\"(max-width: 436px) 100vw, 436px\" \/><figcaption id=\"caption-attachment-437\" class=\"wp-caption-text\">2 mal ges\u00e4gt und \u00fcber den Abrichter geschoben und es hat die Ma\u00dfe von dem alten Tr\u00e4ger. Das Holz ist aber fester und wird damit eine gr\u00f6\u00dfere Stabilit\u00e4t geben.<\/figcaption><\/figure>\n<p>Dieser mu\u00df nun genau vorne in die Cockpitwand eingepasst werden, danach dann hinten &#8222;auf H\u00f6he&#8220; gebracht werden.<\/p>\n<figure id=\"attachment_429\" aria-describedby=\"caption-attachment-429\" style=\"width: 451px\" class=\"wp-caption alignnone\"><img loading=\"lazy\" decoding=\"async\" class=\"wp-image-429 \" src=\"http:\/\/sail-mirella.de\/wp-content\/uploads\/2020\/07\/IMG_2521-225x300.jpg\" alt=\"\" width=\"451\" height=\"601\" srcset=\"http:\/\/sail-mirella.de\/wp-content\/uploads\/2020\/07\/IMG_2521-225x300.jpg 225w, http:\/\/sail-mirella.de\/wp-content\/uploads\/2020\/07\/IMG_2521-1152x1536.jpg 1152w, http:\/\/sail-mirella.de\/wp-content\/uploads\/2020\/07\/IMG_2521-1536x2048.jpg 1536w, http:\/\/sail-mirella.de\/wp-content\/uploads\/2020\/07\/IMG_2521-scaled.jpg 1920w\" sizes=\"(max-width: 451px) 100vw, 451px\" \/><figcaption id=\"caption-attachment-429\" class=\"wp-caption-text\">St\u00fcck f\u00fcr St\u00fcck m\u00fc\u00dfen die Auflager eingepasst werden.<\/figcaption><\/figure>\n<figure id=\"attachment_430\" aria-describedby=\"caption-attachment-430\" style=\"width: 449px\" class=\"wp-caption alignnone\"><img loading=\"lazy\" decoding=\"async\" class=\"wp-image-430 \" src=\"http:\/\/sail-mirella.de\/wp-content\/uploads\/2020\/07\/IMG_2523-300x225.jpg\" alt=\"\" width=\"449\" height=\"337\" srcset=\"http:\/\/sail-mirella.de\/wp-content\/uploads\/2020\/07\/IMG_2523-300x225.jpg 300w, http:\/\/sail-mirella.de\/wp-content\/uploads\/2020\/07\/IMG_2523-1024x768.jpg 1024w, http:\/\/sail-mirella.de\/wp-content\/uploads\/2020\/07\/IMG_2523-768x576.jpg 768w, http:\/\/sail-mirella.de\/wp-content\/uploads\/2020\/07\/IMG_2523-1536x1152.jpg 1536w, http:\/\/sail-mirella.de\/wp-content\/uploads\/2020\/07\/IMG_2523-2048x1536.jpg 2048w\" sizes=\"(max-width: 449px) 100vw, 449px\" \/><figcaption id=\"caption-attachment-430\" class=\"wp-caption-text\">hinten kommt der Rumpf schon hoch und ein Spant dient als Auflager, auch hier wieder mit Multimaster und Stechbeitell anpassen.<\/figcaption><\/figure>\n<figure id=\"attachment_449\" aria-describedby=\"caption-attachment-449\" style=\"width: 515px\" class=\"wp-caption alignnone\"><img loading=\"lazy\" decoding=\"async\" class=\"wp-image-449\" src=\"http:\/\/sail-mirella.de\/wp-content\/uploads\/2020\/07\/3554C109-147D-49D6-AD4B-8F941DCC0FB5-169x300.jpg\" alt=\"\" width=\"515\" height=\"914\" srcset=\"http:\/\/sail-mirella.de\/wp-content\/uploads\/2020\/07\/3554C109-147D-49D6-AD4B-8F941DCC0FB5-169x300.jpg 169w, http:\/\/sail-mirella.de\/wp-content\/uploads\/2020\/07\/3554C109-147D-49D6-AD4B-8F941DCC0FB5-768x1365.jpg 768w, http:\/\/sail-mirella.de\/wp-content\/uploads\/2020\/07\/3554C109-147D-49D6-AD4B-8F941DCC0FB5-865x1536.jpg 865w, http:\/\/sail-mirella.de\/wp-content\/uploads\/2020\/07\/3554C109-147D-49D6-AD4B-8F941DCC0FB5-1153x2048.jpg 1153w, http:\/\/sail-mirella.de\/wp-content\/uploads\/2020\/07\/3554C109-147D-49D6-AD4B-8F941DCC0FB5-scaled.jpg 1441w\" sizes=\"(max-width: 515px) 100vw, 515px\" \/><figcaption id=\"caption-attachment-449\" class=\"wp-caption-text\">Der Tr\u00e4ger eingepasst, vorne auf das Auflager, hinten in den Spanten etc.<\/figcaption><\/figure>\n<figure id=\"attachment_438\" aria-describedby=\"caption-attachment-438\" style=\"width: 513px\" class=\"wp-caption alignnone\"><img loading=\"lazy\" decoding=\"async\" class=\"wp-image-438 \" src=\"http:\/\/sail-mirella.de\/wp-content\/uploads\/2020\/07\/IMG_2519-225x300.jpg\" alt=\"\" width=\"513\" height=\"684\" srcset=\"http:\/\/sail-mirella.de\/wp-content\/uploads\/2020\/07\/IMG_2519-225x300.jpg 225w, http:\/\/sail-mirella.de\/wp-content\/uploads\/2020\/07\/IMG_2519-1152x1536.jpg 1152w, http:\/\/sail-mirella.de\/wp-content\/uploads\/2020\/07\/IMG_2519-1536x2048.jpg 1536w, http:\/\/sail-mirella.de\/wp-content\/uploads\/2020\/07\/IMG_2519-scaled.jpg 1920w\" sizes=\"(max-width: 513px) 100vw, 513px\" \/><figcaption id=\"caption-attachment-438\" class=\"wp-caption-text\">ganz sch\u00f6n hei\u00df brennt die Sonne, so hoch oben (auf Deck H\u00f6he) sind dann schon &#8222;sommerliche&#8220; Temperaturen, Schwei\u00dftreibend.<\/figcaption><\/figure>\n<p>Aber trotzdem weiter im Takt, nun soll die Wand als n\u00e4chstes kommen, die soll diesmal aus Bootsbausperrholz und nicht wie in den 60er Jahren aus Nadelholzsperrholz sein. Dazu wird vorn und hinten die H\u00f6he gemessen, dann die L\u00e4nge, so kann ich Sie auf dem 12mm Sperrholz anrei\u00dfen. Nun noch fix die Schiene f\u00fcr die Tauchs\u00e4ge auf volle L\u00e4nge bringen und dann kann ges\u00e4gt werden:<\/p>\n<p><a href=\"http:\/\/sail-mirella.de\/wp-content\/uploads\/2020\/07\/IMG_2528.mov\" target=\"_blank\" rel=\"noopener noreferrer\">IMG_2528<\/a><\/p>\n<p>Einfach auf den Link klicken, dann sieht man mal wie fein soetwas geht.<\/p>\n<p>Nun kann die Platte eingepasst werden. erst wieder vorne, dann wenn sich diese ganz reinschieben l\u00e4sst, hinten.<\/p>\n<figure id=\"attachment_432\" aria-describedby=\"caption-attachment-432\" style=\"width: 380px\" class=\"wp-caption alignnone\"><img loading=\"lazy\" decoding=\"async\" class=\"wp-image-432\" src=\"http:\/\/sail-mirella.de\/wp-content\/uploads\/2020\/07\/9986DBA7-88A1-4EA7-BBB8-4FCB501DD826-169x300.jpg\" alt=\"\" width=\"380\" height=\"675\" srcset=\"http:\/\/sail-mirella.de\/wp-content\/uploads\/2020\/07\/9986DBA7-88A1-4EA7-BBB8-4FCB501DD826-169x300.jpg 169w, http:\/\/sail-mirella.de\/wp-content\/uploads\/2020\/07\/9986DBA7-88A1-4EA7-BBB8-4FCB501DD826-576x1024.jpg 576w, http:\/\/sail-mirella.de\/wp-content\/uploads\/2020\/07\/9986DBA7-88A1-4EA7-BBB8-4FCB501DD826-768x1365.jpg 768w, http:\/\/sail-mirella.de\/wp-content\/uploads\/2020\/07\/9986DBA7-88A1-4EA7-BBB8-4FCB501DD826-865x1536.jpg 865w, http:\/\/sail-mirella.de\/wp-content\/uploads\/2020\/07\/9986DBA7-88A1-4EA7-BBB8-4FCB501DD826-1153x2048.jpg 1153w, http:\/\/sail-mirella.de\/wp-content\/uploads\/2020\/07\/9986DBA7-88A1-4EA7-BBB8-4FCB501DD826-scaled.jpg 1441w\" sizes=\"(max-width: 380px) 100vw, 380px\" \/><figcaption id=\"caption-attachment-432\" class=\"wp-caption-text\">sauber eingepasst steht die Wand auf dem Tr\u00e4ger und steckt vorne bis zur K\u00fcche drin \ud83d\ude42<\/figcaption><\/figure>\n<p>Nun noch die Tr\u00e4ger f\u00fcr die Sitzducht, die st\u00fctzen sich Teilweise auch bis zu den Spanten runter und geben so dem Boden nochmal mehr halt. Au\u00dferdem solllen hier sp\u00e4ter die W\u00e4nde zur Abtrennung und D\u00e4mmung des Motorraums ran.<\/p>\n<figure id=\"attachment_433\" aria-describedby=\"caption-attachment-433\" style=\"width: 441px\" class=\"wp-caption alignnone\"><img loading=\"lazy\" decoding=\"async\" class=\"wp-image-433\" src=\"http:\/\/sail-mirella.de\/wp-content\/uploads\/2020\/07\/F2B34A67-60EA-4EB1-9725-EA81A105ED68-169x300.jpg\" alt=\"\" width=\"441\" height=\"783\" srcset=\"http:\/\/sail-mirella.de\/wp-content\/uploads\/2020\/07\/F2B34A67-60EA-4EB1-9725-EA81A105ED68-169x300.jpg 169w, http:\/\/sail-mirella.de\/wp-content\/uploads\/2020\/07\/F2B34A67-60EA-4EB1-9725-EA81A105ED68-576x1024.jpg 576w, http:\/\/sail-mirella.de\/wp-content\/uploads\/2020\/07\/F2B34A67-60EA-4EB1-9725-EA81A105ED68-768x1365.jpg 768w, http:\/\/sail-mirella.de\/wp-content\/uploads\/2020\/07\/F2B34A67-60EA-4EB1-9725-EA81A105ED68-865x1536.jpg 865w, http:\/\/sail-mirella.de\/wp-content\/uploads\/2020\/07\/F2B34A67-60EA-4EB1-9725-EA81A105ED68-1153x2048.jpg 1153w, http:\/\/sail-mirella.de\/wp-content\/uploads\/2020\/07\/F2B34A67-60EA-4EB1-9725-EA81A105ED68-scaled.jpg 1441w\" sizes=\"(max-width: 441px) 100vw, 441px\" \/><figcaption id=\"caption-attachment-433\" class=\"wp-caption-text\">So ungef\u00e4hr sieht es dann sp\u00e4ter mal wieder aus. nun kann alles wieder demontiert werden und von der Backskisteninnenseite versiegelt werden. wobei die H\u00f6lzer alle angezeichnet sind um die Leimverbindungen nicht zu \u00fcbermalen. Ein schwei\u00dftreibender aber befriedigender Sonntag war mal wieder vor\u00fcbernun hat man aber das Gef\u00fchl eine Chance auf segeln diesen Sommer zu haben.<\/figcaption><\/figure>\n","protected":false},"excerpt":{"rendered":"<p>da unsere Zeit ja knapp wird mu\u00dfte ein Plan her wie wir es trotzdem noch ins Wasser und zu einem sch\u00f6nen T\u00f6rn schaffen k\u00f6nnen. Da Bart noch ein wenig mit den Spanten, Bodenwrangen und Planken braucht m\u00f6chte ich jetzt schon die restlichen Cockpitteile vorbereiten, damit s nach dem Rumpf auch schnell\u00b4 mit dem Rest geht. &hellip; <\/p>\n<p class=\"link-more\"><a href=\"http:\/\/sail-mirella.de\/?p=448\" class=\"more-link\"><span class=\"screen-reader-text\">\u201eNun mal Cockpit&#8230;..\u201c<\/span> weiterlesen<\/a><\/p>\n","protected":false},"author":1,"featured_media":0,"comment_status":"open","ping_status":"open","sticky":false,"template":"","format":"standard","meta":{"footnotes":""},"categories":[1],"tags":[],"_links":{"self":[{"href":"http:\/\/sail-mirella.de\/index.php?rest_route=\/wp\/v2\/posts\/448"}],"collection":[{"href":"http:\/\/sail-mirella.de\/index.php?rest_route=\/wp\/v2\/posts"}],"about":[{"href":"http:\/\/sail-mirella.de\/index.php?rest_route=\/wp\/v2\/types\/post"}],"author":[{"embeddable":true,"href":"http:\/\/sail-mirella.de\/index.php?rest_route=\/wp\/v2\/users\/1"}],"replies":[{"embeddable":true,"href":"http:\/\/sail-mirella.de\/index.php?rest_route=%2Fwp%2Fv2%2Fcomments&post=448"}],"version-history":[{"count":5,"href":"http:\/\/sail-mirella.de\/index.php?rest_route=\/wp\/v2\/posts\/448\/revisions"}],"predecessor-version":[{"id":483,"href":"http:\/\/sail-mirella.de\/index.php?rest_route=\/wp\/v2\/posts\/448\/revisions\/483"}],"wp:attachment":[{"href":"http:\/\/sail-mirella.de\/index.php?rest_route=%2Fwp%2Fv2%2Fmedia&parent=448"}],"wp:term":[{"taxonomy":"category","embeddable":true,"href":"http:\/\/sail-mirella.de\/index.php?rest_route=%2Fwp%2Fv2%2Fcategories&post=448"},{"taxonomy":"post_tag","embeddable":true,"href":"http:\/\/sail-mirella.de\/index.php?rest_route=%2Fwp%2Fv2%2Ftags&post=448"}],"curies":[{"name":"wp","href":"https:\/\/api.w.org\/{rel}","templated":true}]}}