{"id":425,"date":"2020-06-18T22:56:01","date_gmt":"2020-06-18T21:56:01","guid":{"rendered":"http:\/\/sail-mirella.de\/?p=425"},"modified":"2020-06-18T22:56:01","modified_gmt":"2020-06-18T21:56:01","slug":"nun-aber","status":"publish","type":"post","link":"http:\/\/sail-mirella.de\/?p=425","title":{"rendered":"&#8230;.nun aber :)"},"content":{"rendered":"<p>geht es wirklich voran. Barth hat diese Woche viel Holzteile eingepasst. So sieht die Hacke (zwar noch demontierbar) wieder gut aus, inkl. dem Schlussholz andem sp\u00e4ter auch das Ruder h\u00e4ngt.\u00a0 Der n\u00e4chste Schritt ist einleimen und Schrauben, dazu m\u00fc\u00dfen wir aber noch einen Kielbolzen machen auf den wir warten wie auf unsere Bohrkrone f\u00fcr Stevenrohr ud Hennegastrohr. Hoffentlich kommen die morgen, dann k\u00f6nnen auch diese schweren Schritte gemacht werden, Meilensteine.<\/p>\n<figure id=\"attachment_420\" aria-describedby=\"caption-attachment-420\" style=\"width: 604px\" class=\"wp-caption aligncenter\"><img loading=\"lazy\" decoding=\"async\" class=\"wp-image-420\" src=\"http:\/\/sail-mirella.de\/wp-content\/uploads\/2020\/06\/IMG_2496-300x225.jpg\" alt=\"\" width=\"604\" height=\"453\" srcset=\"http:\/\/sail-mirella.de\/wp-content\/uploads\/2020\/06\/IMG_2496-300x225.jpg 300w, http:\/\/sail-mirella.de\/wp-content\/uploads\/2020\/06\/IMG_2496-1024x768.jpg 1024w, http:\/\/sail-mirella.de\/wp-content\/uploads\/2020\/06\/IMG_2496-768x576.jpg 768w, http:\/\/sail-mirella.de\/wp-content\/uploads\/2020\/06\/IMG_2496-1536x1152.jpg 1536w, http:\/\/sail-mirella.de\/wp-content\/uploads\/2020\/06\/IMG_2496-2048x1536.jpg 2048w\" sizes=\"(max-width: 604px) 100vw, 604px\" \/><figcaption id=\"caption-attachment-420\" class=\"wp-caption-text\">Das Totholz am Kiel und die Hacke sind eingepasst zum verleimen. Der genaue shape kommt sp\u00e4ter.<\/figcaption><\/figure>\n<figure id=\"attachment_421\" aria-describedby=\"caption-attachment-421\" style=\"width: 573px\" class=\"wp-caption alignnone\"><img loading=\"lazy\" decoding=\"async\" class=\"wp-image-421 \" src=\"http:\/\/sail-mirella.de\/wp-content\/uploads\/2020\/06\/IMG_2499-225x300.jpg\" alt=\"\" width=\"573\" height=\"764\" srcset=\"http:\/\/sail-mirella.de\/wp-content\/uploads\/2020\/06\/IMG_2499-225x300.jpg 225w, http:\/\/sail-mirella.de\/wp-content\/uploads\/2020\/06\/IMG_2499-1152x1536.jpg 1152w, http:\/\/sail-mirella.de\/wp-content\/uploads\/2020\/06\/IMG_2499-1536x2048.jpg 1536w, http:\/\/sail-mirella.de\/wp-content\/uploads\/2020\/06\/IMG_2499-scaled.jpg 1920w\" sizes=\"(max-width: 573px) 100vw, 573px\" \/><figcaption id=\"caption-attachment-421\" class=\"wp-caption-text\">neuer Spant mit Bodenwrange, langsam wird es!<\/figcaption><\/figure>\n<figure id=\"attachment_422\" aria-describedby=\"caption-attachment-422\" style=\"width: 772px\" class=\"wp-caption alignnone\"><img loading=\"lazy\" decoding=\"async\" class=\" wp-image-422\" src=\"http:\/\/sail-mirella.de\/wp-content\/uploads\/2020\/06\/IMG_2500-225x300.jpg\" alt=\"\" width=\"772\" height=\"1029\" srcset=\"http:\/\/sail-mirella.de\/wp-content\/uploads\/2020\/06\/IMG_2500-225x300.jpg 225w, http:\/\/sail-mirella.de\/wp-content\/uploads\/2020\/06\/IMG_2500-1152x1536.jpg 1152w, http:\/\/sail-mirella.de\/wp-content\/uploads\/2020\/06\/IMG_2500-1536x2048.jpg 1536w, http:\/\/sail-mirella.de\/wp-content\/uploads\/2020\/06\/IMG_2500-scaled.jpg 1920w\" sizes=\"(max-width: 767px) 89vw, (max-width: 1000px) 54vw, (max-width: 1071px) 543px, 580px\" \/><figcaption id=\"caption-attachment-422\" class=\"wp-caption-text\">sch\u00f6n zu sehen: der neue Spant (schon verschraubt an dem Steven) mit der neuen Bodenwrange fertig zum verbolzen.<\/figcaption><\/figure>\n<figure id=\"attachment_423\" aria-describedby=\"caption-attachment-423\" style=\"width: 225px\" class=\"wp-caption alignnone\"><img loading=\"lazy\" decoding=\"async\" class=\"wp-image-423 size-medium\" src=\"http:\/\/sail-mirella.de\/wp-content\/uploads\/2020\/06\/IMG_2501-225x300.jpg\" alt=\"\" width=\"225\" height=\"300\" srcset=\"http:\/\/sail-mirella.de\/wp-content\/uploads\/2020\/06\/IMG_2501-225x300.jpg 225w, http:\/\/sail-mirella.de\/wp-content\/uploads\/2020\/06\/IMG_2501-1152x1536.jpg 1152w, http:\/\/sail-mirella.de\/wp-content\/uploads\/2020\/06\/IMG_2501-1536x2048.jpg 1536w, http:\/\/sail-mirella.de\/wp-content\/uploads\/2020\/06\/IMG_2501-scaled.jpg 1920w\" sizes=\"(max-width: 225px) 100vw, 225px\" \/><figcaption id=\"caption-attachment-423\" class=\"wp-caption-text\">hier liegen die Rohlinge f\u00fcr die Beiden neuen Spanten vom letzten Wochenende. die werden morgen weiter eingepasst und zum verleimen vorbereitet.<\/figcaption><\/figure>\n<p><img loading=\"lazy\" decoding=\"async\" class=\"alignnone size-medium wp-image-424\" src=\"http:\/\/sail-mirella.de\/wp-content\/uploads\/2020\/06\/IMG_2502-300x225.jpg\" alt=\"\" width=\"300\" height=\"225\" srcset=\"http:\/\/sail-mirella.de\/wp-content\/uploads\/2020\/06\/IMG_2502-300x225.jpg 300w, http:\/\/sail-mirella.de\/wp-content\/uploads\/2020\/06\/IMG_2502-1024x768.jpg 1024w, http:\/\/sail-mirella.de\/wp-content\/uploads\/2020\/06\/IMG_2502-768x576.jpg 768w, http:\/\/sail-mirella.de\/wp-content\/uploads\/2020\/06\/IMG_2502-1536x1152.jpg 1536w, http:\/\/sail-mirella.de\/wp-content\/uploads\/2020\/06\/IMG_2502-2048x1536.jpg 2048w\" sizes=\"(max-width: 300px) 100vw, 300px\" \/><\/p>\n","protected":false},"excerpt":{"rendered":"<p>geht es wirklich voran. Barth hat diese Woche viel Holzteile eingepasst. So sieht die Hacke (zwar noch demontierbar) wieder gut aus, inkl. dem Schlussholz andem sp\u00e4ter auch das Ruder h\u00e4ngt.\u00a0 Der n\u00e4chste Schritt ist einleimen und Schrauben, dazu m\u00fc\u00dfen wir aber noch einen Kielbolzen machen auf den wir warten wie auf unsere Bohrkrone f\u00fcr Stevenrohr &hellip; <\/p>\n<p class=\"link-more\"><a href=\"http:\/\/sail-mirella.de\/?p=425\" class=\"more-link\"><span class=\"screen-reader-text\">\u201e&#8230;.nun aber :)\u201c<\/span> weiterlesen<\/a><\/p>\n","protected":false},"author":1,"featured_media":0,"comment_status":"open","ping_status":"open","sticky":false,"template":"","format":"standard","meta":{"footnotes":""},"categories":[1],"tags":[],"_links":{"self":[{"href":"http:\/\/sail-mirella.de\/index.php?rest_route=\/wp\/v2\/posts\/425"}],"collection":[{"href":"http:\/\/sail-mirella.de\/index.php?rest_route=\/wp\/v2\/posts"}],"about":[{"href":"http:\/\/sail-mirella.de\/index.php?rest_route=\/wp\/v2\/types\/post"}],"author":[{"embeddable":true,"href":"http:\/\/sail-mirella.de\/index.php?rest_route=\/wp\/v2\/users\/1"}],"replies":[{"embeddable":true,"href":"http:\/\/sail-mirella.de\/index.php?rest_route=%2Fwp%2Fv2%2Fcomments&post=425"}],"version-history":[{"count":1,"href":"http:\/\/sail-mirella.de\/index.php?rest_route=\/wp\/v2\/posts\/425\/revisions"}],"predecessor-version":[{"id":426,"href":"http:\/\/sail-mirella.de\/index.php?rest_route=\/wp\/v2\/posts\/425\/revisions\/426"}],"wp:attachment":[{"href":"http:\/\/sail-mirella.de\/index.php?rest_route=%2Fwp%2Fv2%2Fmedia&parent=425"}],"wp:term":[{"taxonomy":"category","embeddable":true,"href":"http:\/\/sail-mirella.de\/index.php?rest_route=%2Fwp%2Fv2%2Fcategories&post=425"},{"taxonomy":"post_tag","embeddable":true,"href":"http:\/\/sail-mirella.de\/index.php?rest_route=%2Fwp%2Fv2%2Ftags&post=425"}],"curies":[{"name":"wp","href":"https:\/\/api.w.org\/{rel}","templated":true}]}}