{"id":371,"date":"2020-06-01T22:27:27","date_gmt":"2020-06-01T21:27:27","guid":{"rendered":"http:\/\/sail-mirella.de\/?p=371"},"modified":"2020-06-17T21:32:30","modified_gmt":"2020-06-17T20:32:30","slug":"es-geht-voran","status":"publish","type":"post","link":"http:\/\/sail-mirella.de\/?p=371","title":{"rendered":"Es geht voran :)"},"content":{"rendered":"<p>nach sehr intensiver Kransaison (wir haben in 3 Wochen soviel Boote eingekrant wie sonst in 7 Wochen) geht es endlich mal wieder weiter bei Mirella. Nach weiteren 2 Tage schleifen, kann es an das Saubermachen und Abkleben gehen.\u00a0 Pfingst-Sonntag kann dann endlich das erste mal gebeizt werden.<\/p>\n<p><img loading=\"lazy\" decoding=\"async\" class=\"alignnone wp-image-386\" src=\"http:\/\/sail-mirella.de\/wp-content\/uploads\/2020\/06\/IMG_2327-225x300.jpg\" alt=\"\" width=\"276\" height=\"368\" srcset=\"http:\/\/sail-mirella.de\/wp-content\/uploads\/2020\/06\/IMG_2327-225x300.jpg 225w, http:\/\/sail-mirella.de\/wp-content\/uploads\/2020\/06\/IMG_2327-1152x1536.jpg 1152w, http:\/\/sail-mirella.de\/wp-content\/uploads\/2020\/06\/IMG_2327-1536x2048.jpg 1536w, http:\/\/sail-mirella.de\/wp-content\/uploads\/2020\/06\/IMG_2327-scaled.jpg 1920w\" sizes=\"(max-width: 276px) 100vw, 276px\" \/><img loading=\"lazy\" decoding=\"async\" class=\"alignnone wp-image-385\" src=\"http:\/\/sail-mirella.de\/wp-content\/uploads\/2020\/06\/IMG_2329-225x300.jpg\" alt=\"\" width=\"278\" height=\"371\" srcset=\"http:\/\/sail-mirella.de\/wp-content\/uploads\/2020\/06\/IMG_2329-225x300.jpg 225w, http:\/\/sail-mirella.de\/wp-content\/uploads\/2020\/06\/IMG_2329-1152x1536.jpg 1152w, http:\/\/sail-mirella.de\/wp-content\/uploads\/2020\/06\/IMG_2329-1536x2048.jpg 1536w, http:\/\/sail-mirella.de\/wp-content\/uploads\/2020\/06\/IMG_2329-scaled.jpg 1920w\" sizes=\"(max-width: 278px) 100vw, 278px\" \/><\/p>\n<p>Das geschliffene Holz war ja schon sch\u00f6n, aber die F\u00e4rbung mit der Beize.<\/p>\n<p>Pfingstmontag war mein Vater Aktiv in der Schlosserei und &#8222;Schmiede&#8220;. Auf Nachfrage bei unserem Schraubenlieferanten nach Bolzen in M14, M18 und M24 in V4A und L\u00e4ngen bis 500mm musste diese Beide passen.<\/p>\n<p>Deswegen mussten die Bolzen f\u00fcr Totholz und der Kielbolzen angefertigt werden. Daf\u00fcr wurde erstmal Rundmaterial in V4A bestellt. Dazu Gewindeschneider (f\u00fcr die Bolzen) und Gewindebohrer f\u00fcr den Kiel.<\/p>\n<p>Der Erste Bolzen war noch am &#8222;einfachsten&#8220;, 18mm Rundstahl auf 430mm k\u00fcrzen und auf beide Enden ein Gewinde schneiden. Das mit dem Gewindeschneiden auf V4A ist dann aber doch schon hart. trotz langem Windeisen (Aufnahme f\u00fcr die Gewindeschneider)\u00a0 kann man max eine 16stel Umdreheung Schneiden, dann mindestens 1 Umdrehung zur\u00fcck um den Span zu brechen und das Gewinde leichtg\u00e4ngiger zu machen. So ist das ein m\u00fchseliges Gesch\u00e4ft und man beschr\u00e4nkt sich auf die absolut n\u00f6tige L\u00e4nge des Gewindes. \ud83d\ude42<\/p>\n<p>&nbsp;<\/p>\n<figure id=\"attachment_395\" aria-describedby=\"caption-attachment-395\" style=\"width: 225px\" class=\"wp-caption alignnone\"><img loading=\"lazy\" decoding=\"async\" class=\"size-medium wp-image-395\" src=\"http:\/\/sail-mirella.de\/wp-content\/uploads\/2020\/06\/IMG_2337-225x300.jpg\" alt=\"\" width=\"225\" height=\"300\" srcset=\"http:\/\/sail-mirella.de\/wp-content\/uploads\/2020\/06\/IMG_2337-225x300.jpg 225w, http:\/\/sail-mirella.de\/wp-content\/uploads\/2020\/06\/IMG_2337-1152x1536.jpg 1152w, http:\/\/sail-mirella.de\/wp-content\/uploads\/2020\/06\/IMG_2337-1536x2048.jpg 1536w, http:\/\/sail-mirella.de\/wp-content\/uploads\/2020\/06\/IMG_2337-scaled.jpg 1920w\" sizes=\"(max-width: 225px) 100vw, 225px\" \/><figcaption id=\"caption-attachment-395\" class=\"wp-caption-text\">Gewindeschneiden bei diesen Durchmessern ist echte Knochenarbeit.<\/figcaption><\/figure>\n<p>Die n\u00e4chsten Bolzen sind die Verbindungen zwischen Achtersteven und Bodenwrangen . Diese Brauchen, analog zu den alten, auf einer Seite einen (geschmiedeten) Kopf. Dazu erhitze Mein Vater das Rundeisen bis zum gl\u00fchen, dann trieb er es auf dem Ambossteil des Schraubstocks auf.<\/p>\n<figure id=\"attachment_376\" aria-describedby=\"caption-attachment-376\" style=\"width: 373px\" class=\"wp-caption alignnone\"><img loading=\"lazy\" decoding=\"async\" class=\" wp-image-376\" src=\"http:\/\/sail-mirella.de\/wp-content\/uploads\/2020\/06\/IMG_2345-225x300.jpg\" alt=\"\" width=\"373\" height=\"497\" srcset=\"http:\/\/sail-mirella.de\/wp-content\/uploads\/2020\/06\/IMG_2345-225x300.jpg 225w, http:\/\/sail-mirella.de\/wp-content\/uploads\/2020\/06\/IMG_2345-1152x1536.jpg 1152w, http:\/\/sail-mirella.de\/wp-content\/uploads\/2020\/06\/IMG_2345-1536x2048.jpg 1536w, http:\/\/sail-mirella.de\/wp-content\/uploads\/2020\/06\/IMG_2345-scaled.jpg 1920w\" sizes=\"(max-width: 373px) 100vw, 373px\" \/><figcaption id=\"caption-attachment-376\" class=\"wp-caption-text\">Das Rundeisen wird gegl\u00fcht.<\/figcaption><\/figure>\n<figure id=\"attachment_375\" aria-describedby=\"caption-attachment-375\" style=\"width: 377px\" class=\"wp-caption alignnone\"><img loading=\"lazy\" decoding=\"async\" class=\" wp-image-375\" src=\"http:\/\/sail-mirella.de\/wp-content\/uploads\/2020\/06\/IMG_2343-225x300.jpg\" alt=\"\" width=\"377\" height=\"503\" srcset=\"http:\/\/sail-mirella.de\/wp-content\/uploads\/2020\/06\/IMG_2343-225x300.jpg 225w, http:\/\/sail-mirella.de\/wp-content\/uploads\/2020\/06\/IMG_2343-1152x1536.jpg 1152w, http:\/\/sail-mirella.de\/wp-content\/uploads\/2020\/06\/IMG_2343-1536x2048.jpg 1536w, http:\/\/sail-mirella.de\/wp-content\/uploads\/2020\/06\/IMG_2343-scaled.jpg 1920w\" sizes=\"(max-width: 377px) 100vw, 377px\" \/><figcaption id=\"caption-attachment-375\" class=\"wp-caption-text\">Der flei\u00dfige &#8222;Schmied&#8220; bei der Arbeit<\/figcaption><\/figure>\n<figure id=\"attachment_377\" aria-describedby=\"caption-attachment-377\" style=\"width: 411px\" class=\"wp-caption alignnone\"><img loading=\"lazy\" decoding=\"async\" class=\" wp-image-377\" src=\"http:\/\/sail-mirella.de\/wp-content\/uploads\/2020\/06\/IMG_2346-225x300.jpg\" alt=\"\" width=\"411\" height=\"548\" srcset=\"http:\/\/sail-mirella.de\/wp-content\/uploads\/2020\/06\/IMG_2346-225x300.jpg 225w, http:\/\/sail-mirella.de\/wp-content\/uploads\/2020\/06\/IMG_2346-1152x1536.jpg 1152w, http:\/\/sail-mirella.de\/wp-content\/uploads\/2020\/06\/IMG_2346-1536x2048.jpg 1536w, http:\/\/sail-mirella.de\/wp-content\/uploads\/2020\/06\/IMG_2346-scaled.jpg 1920w\" sizes=\"(max-width: 411px) 100vw, 411px\" \/><figcaption id=\"caption-attachment-377\" class=\"wp-caption-text\">&#8230;dann wird der Kopf getrieben.<\/figcaption><\/figure>\n<p>anschlie\u00dfend wird auf das andere Ende das Gewinde geschnitten und dieser Kopf erh\u00e4lt auf der Unterseite einen vierkant um ein Mitdrehen im Loch zu vermeiden.<\/p>\n<figure id=\"attachment_397\" aria-describedby=\"caption-attachment-397\" style=\"width: 225px\" class=\"wp-caption alignnone\"><img loading=\"lazy\" decoding=\"async\" class=\"size-medium wp-image-397\" src=\"http:\/\/sail-mirella.de\/wp-content\/uploads\/2020\/06\/IMG_2348-225x300.jpg\" alt=\"\" width=\"225\" height=\"300\" srcset=\"http:\/\/sail-mirella.de\/wp-content\/uploads\/2020\/06\/IMG_2348-225x300.jpg 225w, http:\/\/sail-mirella.de\/wp-content\/uploads\/2020\/06\/IMG_2348-1152x1536.jpg 1152w, http:\/\/sail-mirella.de\/wp-content\/uploads\/2020\/06\/IMG_2348-1536x2048.jpg 1536w, http:\/\/sail-mirella.de\/wp-content\/uploads\/2020\/06\/IMG_2348-scaled.jpg 1920w\" sizes=\"(max-width: 225px) 100vw, 225px\" \/><figcaption id=\"caption-attachment-397\" class=\"wp-caption-text\">Bolzen, Version 1.0<\/figcaption><\/figure>\n<p>In der Mittagspause wird die Kopfform gedanklich \u00fcberarbeitet, sch\u00f6n w\u00e4re es doch eine gr\u00f6\u00dfere flache Auflage des Kopfes an der Unterseite (zum Holz hin) zu haben. was w\u00e4re wenn wir eine Unterlegscheibe einschmieden?.\u00a0 Gedacht getan, so enstand Bolzentyp 2.0<\/p>\n<figure id=\"attachment_393\" aria-describedby=\"caption-attachment-393\" style=\"width: 225px\" class=\"wp-caption alignnone\"><img loading=\"lazy\" decoding=\"async\" class=\"size-medium wp-image-393\" src=\"http:\/\/sail-mirella.de\/wp-content\/uploads\/2020\/06\/IMG_2364-225x300.jpg\" alt=\"\" width=\"225\" height=\"300\" srcset=\"http:\/\/sail-mirella.de\/wp-content\/uploads\/2020\/06\/IMG_2364-225x300.jpg 225w, http:\/\/sail-mirella.de\/wp-content\/uploads\/2020\/06\/IMG_2364-1152x1536.jpg 1152w, http:\/\/sail-mirella.de\/wp-content\/uploads\/2020\/06\/IMG_2364-1536x2048.jpg 1536w, http:\/\/sail-mirella.de\/wp-content\/uploads\/2020\/06\/IMG_2364-scaled.jpg 1920w\" sizes=\"(max-width: 225px) 100vw, 225px\" \/><figcaption id=\"caption-attachment-393\" class=\"wp-caption-text\">Bolzen Version 2.0 und 2.1<\/figcaption><\/figure>\n<p>Bei der Variante 2.1 hat mein Vater dann noch eine Kleine Scheibe vor eine noch gr\u00f6\u00dfere gesetzt, so ist der Kopf wohl perfekt.<\/p>\n<p>So ging ein erfolgreiches Pfingstwochenende zu Ende :).<\/p>\n<p>Anmerkung: inzwischen sind alle Bolzen auf Typ 2.1 ge\u00e4ndert. weiter werden noch folgen.<\/p>\n","protected":false},"excerpt":{"rendered":"<p>nach sehr intensiver Kransaison (wir haben in 3 Wochen soviel Boote eingekrant wie sonst in 7 Wochen) geht es endlich mal wieder weiter bei Mirella. Nach weiteren 2 Tage schleifen, kann es an das Saubermachen und Abkleben gehen.\u00a0 Pfingst-Sonntag kann dann endlich das erste mal gebeizt werden. Das geschliffene Holz war ja schon sch\u00f6n, aber &hellip; <\/p>\n<p class=\"link-more\"><a href=\"http:\/\/sail-mirella.de\/?p=371\" class=\"more-link\"><span class=\"screen-reader-text\">\u201eEs geht voran :)\u201c<\/span> weiterlesen<\/a><\/p>\n","protected":false},"author":1,"featured_media":0,"comment_status":"open","ping_status":"open","sticky":false,"template":"","format":"standard","meta":{"footnotes":""},"categories":[1],"tags":[],"_links":{"self":[{"href":"http:\/\/sail-mirella.de\/index.php?rest_route=\/wp\/v2\/posts\/371"}],"collection":[{"href":"http:\/\/sail-mirella.de\/index.php?rest_route=\/wp\/v2\/posts"}],"about":[{"href":"http:\/\/sail-mirella.de\/index.php?rest_route=\/wp\/v2\/types\/post"}],"author":[{"embeddable":true,"href":"http:\/\/sail-mirella.de\/index.php?rest_route=\/wp\/v2\/users\/1"}],"replies":[{"embeddable":true,"href":"http:\/\/sail-mirella.de\/index.php?rest_route=%2Fwp%2Fv2%2Fcomments&post=371"}],"version-history":[{"count":3,"href":"http:\/\/sail-mirella.de\/index.php?rest_route=\/wp\/v2\/posts\/371\/revisions"}],"predecessor-version":[{"id":415,"href":"http:\/\/sail-mirella.de\/index.php?rest_route=\/wp\/v2\/posts\/371\/revisions\/415"}],"wp:attachment":[{"href":"http:\/\/sail-mirella.de\/index.php?rest_route=%2Fwp%2Fv2%2Fmedia&parent=371"}],"wp:term":[{"taxonomy":"category","embeddable":true,"href":"http:\/\/sail-mirella.de\/index.php?rest_route=%2Fwp%2Fv2%2Fcategories&post=371"},{"taxonomy":"post_tag","embeddable":true,"href":"http:\/\/sail-mirella.de\/index.php?rest_route=%2Fwp%2Fv2%2Ftags&post=371"}],"curies":[{"name":"wp","href":"https:\/\/api.w.org\/{rel}","templated":true}]}}