{"id":342,"date":"2020-04-26T23:01:04","date_gmt":"2020-04-26T22:01:04","guid":{"rendered":"http:\/\/sail-mirella.de\/?p=342"},"modified":"2020-04-26T23:01:04","modified_gmt":"2020-04-26T22:01:04","slug":"vor-dem-lackieren-kommt-der-fleiss","status":"publish","type":"post","link":"http:\/\/sail-mirella.de\/?p=342","title":{"rendered":"Vor dem Lackieren kommt der Flei\u00df"},"content":{"rendered":"<p>Eine altes Lackiersprichwort sagt: 95-98% der Arbeit beim Lackieren steckt in der Vorbereitung (das verschiebt sich ein wenig bei Pinsellackierungen).<\/p>\n<p>Beim Lack abziehen ist man immer eher bei 98%&#8230;..<\/p>\n<p>Dieses Wochenende wollten wir eigentlich alles fertigkratzen und schleifen im und ums Cockpit um dann endlich mal diese Fl\u00e4chen Beizen und die ersten Lackschichten auftragen zu k\u00f6nnen. Aber wie so h\u00e4ufig dquert dann doch alles L\u00e4nger. Der Rest der Cockpitwand musste auch noch ausgetrennt werden. N\u00e4chste Woche kommt neues Sperrholz, dann m\u00f6chte ich die neue Wand vorbereiten, dazu muss der Rest weg und alles f\u00fcr den \u00dcbergang ges\u00e4ubert werden.<\/p>\n<p>Dann m\u00fc\u00dfe noch Bb Sitzbank vordere H\u00e4lfte, Das Schott beim Nierdergang und von der Cockpitwand an der Bb Seite 1\/3 und die Trennung zum Nierdergang abgezogen werden. Eine Backskiste die fr\u00fcher mal zugeleimt wurde und als Schrank genutzt wurde soll jetzt auch wieder von oben zug\u00e4nglich sein, hier wollen wir das \u00d6lzeug unterbringen, gerne auch zum Trocknen, der Heizungssschlauch l\u00e4uft hier durch und kann sch\u00f6n warme Luft in den Schrank pusten. von der Naviecke bleibt der Schrank auch zug\u00e4nglich, hier ist es aber M\u00fchsam etwas aufzuh\u00e4ngen oder gar an das Regal dahinter ranzukommen.<\/p>\n<figure id=\"attachment_355\" aria-describedby=\"caption-attachment-355\" style=\"width: 268px\" class=\"wp-caption aligncenter\"><img loading=\"lazy\" decoding=\"async\" class=\"wp-image-355 \" src=\"http:\/\/sail-mirella.de\/wp-content\/uploads\/2020\/04\/44A613C1-F7ED-459C-91C3-0159FAAC3FD4-169x300.jpg\" alt=\"Die ge\u00f6ffnete Backskiste, diese geht tbis tief unten.\" width=\"268\" height=\"476\" srcset=\"http:\/\/sail-mirella.de\/wp-content\/uploads\/2020\/04\/44A613C1-F7ED-459C-91C3-0159FAAC3FD4-169x300.jpg 169w, http:\/\/sail-mirella.de\/wp-content\/uploads\/2020\/04\/44A613C1-F7ED-459C-91C3-0159FAAC3FD4-576x1024.jpg 576w, http:\/\/sail-mirella.de\/wp-content\/uploads\/2020\/04\/44A613C1-F7ED-459C-91C3-0159FAAC3FD4-768x1365.jpg 768w, http:\/\/sail-mirella.de\/wp-content\/uploads\/2020\/04\/44A613C1-F7ED-459C-91C3-0159FAAC3FD4-865x1536.jpg 865w, http:\/\/sail-mirella.de\/wp-content\/uploads\/2020\/04\/44A613C1-F7ED-459C-91C3-0159FAAC3FD4-1153x2048.jpg 1153w, http:\/\/sail-mirella.de\/wp-content\/uploads\/2020\/04\/44A613C1-F7ED-459C-91C3-0159FAAC3FD4-scaled.jpg 1441w\" sizes=\"(max-width: 268px) 100vw, 268px\" \/><figcaption id=\"caption-attachment-355\" class=\"wp-caption-text\">Die ge\u00f6ffnete Backskiste, diese geht tbis tief unten. Auf der Bb Seite ist hier unten der Tank eingebaut, deswegen ist die Bacjkskiste nur bis zum Cockpitboden.<\/figcaption><\/figure>\n<p>nach austrennen der Cockpitwand un der trestlichen tragenden Konstruktion konnte wieder einmal mit Hei\u00dfluftf\u00f6hn und Ziehklinge dem Lack beiger\u00fcckt werden.<\/p>\n<figure id=\"attachment_356\" aria-describedby=\"caption-attachment-356\" style=\"width: 225px\" class=\"wp-caption aligncenter\"><img loading=\"lazy\" decoding=\"async\" class=\"size-medium wp-image-356\" src=\"http:\/\/sail-mirella.de\/wp-content\/uploads\/2020\/04\/IMG_2045-225x300.jpg\" alt=\"\" width=\"225\" height=\"300\" srcset=\"http:\/\/sail-mirella.de\/wp-content\/uploads\/2020\/04\/IMG_2045-225x300.jpg 225w, http:\/\/sail-mirella.de\/wp-content\/uploads\/2020\/04\/IMG_2045-768x1024.jpg 768w, http:\/\/sail-mirella.de\/wp-content\/uploads\/2020\/04\/IMG_2045-1152x1536.jpg 1152w, http:\/\/sail-mirella.de\/wp-content\/uploads\/2020\/04\/IMG_2045-1536x2048.jpg 1536w, http:\/\/sail-mirella.de\/wp-content\/uploads\/2020\/04\/IMG_2045-scaled.jpg 1920w\" sizes=\"(max-width: 225px) 100vw, 225px\" \/><figcaption id=\"caption-attachment-356\" class=\"wp-caption-text\">Hier kann man die tragende Konstruktion sehen, mit Vermassung f\u00fcr die sp\u00e4tere wiederherstellung. Gut erkenne kann man auch noch die rotte Stelle durch die Verschraubung des Cockpitsboden verursacht wurde.<\/figcaption><\/figure>\n<p>Die Winschenb\u00e4nke wurden dann auch noch demontiert, diese sollen verl\u00e4ngert werden um die Gro\u00dfschotwinsch hier mit unterzubringen und f\u00fcr Steuermann und Vorschoter erreichbar zu machen.<\/p>\n<p>Dann konnte endlich alles abgefegt werden un mit dem Schleifen begonnen werden.<\/p>\n<div style=\"width: 525px;\" class=\"wp-video\"><!--[if lt IE 9]><script>document.createElement('video');<\/script><![endif]-->\n<video class=\"wp-video-shortcode\" id=\"video-342-1\" width=\"525\" height=\"933\" preload=\"metadata\" controls=\"controls\"><source type=\"video\/mp4\" src=\"http:\/\/sail-mirella.de\/wp-content\/uploads\/2020\/04\/schleifen.mp4?_=1\" \/><a href=\"http:\/\/sail-mirella.de\/wp-content\/uploads\/2020\/04\/schleifen.mp4\">http:\/\/sail-mirella.de\/wp-content\/uploads\/2020\/04\/schleifen.mp4<\/a><\/video><\/div>\n<p>Das macht dann immer Spa\u00df, aber aufpassen, wie in dem Film zu sehen, Excenter nich verkannten, immer sch\u00f6n mittig mit ganz leichten Druck Kreuzweise \u00fcber das Werkst\u00fcck gleiten lassen. Kanten etc mache ich imer per hand oder mit feineren Schleifpapier.<\/p>\n<p>Die Bretter an der Cockpitwand wiurden dan mit dem Festool RQ 400 Mini Schwingschleifer und 80er Abranet geschliffen (dabei habe ich darauf geachtet m\u00f6glichst nicht auf dei gefr\u00e4sten Teile zu kommen, diese werden nur per hand fein geschliffen, sonst ist schnell die Form weg.<\/p>\n<p>Das endergebniss f\u00fcr heute Abend sa hh dann so aus:<\/p>\n<figure id=\"attachment_339\" aria-describedby=\"caption-attachment-339\" style=\"width: 295px\" class=\"wp-caption aligncenter\"><img loading=\"lazy\" decoding=\"async\" class=\" wp-image-339\" src=\"http:\/\/sail-mirella.de\/wp-content\/uploads\/2020\/04\/IMG_2059-1-225x300.jpg\" alt=\"\" width=\"295\" height=\"393\" srcset=\"http:\/\/sail-mirella.de\/wp-content\/uploads\/2020\/04\/IMG_2059-1-225x300.jpg 225w, http:\/\/sail-mirella.de\/wp-content\/uploads\/2020\/04\/IMG_2059-1-768x1024.jpg 768w, http:\/\/sail-mirella.de\/wp-content\/uploads\/2020\/04\/IMG_2059-1-1152x1536.jpg 1152w, http:\/\/sail-mirella.de\/wp-content\/uploads\/2020\/04\/IMG_2059-1-1536x2048.jpg 1536w, http:\/\/sail-mirella.de\/wp-content\/uploads\/2020\/04\/IMG_2059-1-scaled.jpg 1920w\" sizes=\"(max-width: 295px) 100vw, 295px\" \/><figcaption id=\"caption-attachment-339\" class=\"wp-caption-text\">Sitzfl\u00e4chen und S\u00fcllrand sind vorgeschliffen, demn\u00e4chst noch der Feinschliff, die Ecken etc.<\/figcaption><\/figure>\n<figure id=\"attachment_337\" aria-describedby=\"caption-attachment-337\" style=\"width: 274px\" class=\"wp-caption aligncenter\"><img loading=\"lazy\" decoding=\"async\" class=\" wp-image-337\" src=\"http:\/\/sail-mirella.de\/wp-content\/uploads\/2020\/04\/6AE7F248-9207-402B-9952-EF4AFC81B120-169x300.jpg\" alt=\"\" width=\"274\" height=\"486\" srcset=\"http:\/\/sail-mirella.de\/wp-content\/uploads\/2020\/04\/6AE7F248-9207-402B-9952-EF4AFC81B120-169x300.jpg 169w, http:\/\/sail-mirella.de\/wp-content\/uploads\/2020\/04\/6AE7F248-9207-402B-9952-EF4AFC81B120-576x1024.jpg 576w, http:\/\/sail-mirella.de\/wp-content\/uploads\/2020\/04\/6AE7F248-9207-402B-9952-EF4AFC81B120-768x1365.jpg 768w, http:\/\/sail-mirella.de\/wp-content\/uploads\/2020\/04\/6AE7F248-9207-402B-9952-EF4AFC81B120-865x1536.jpg 865w, http:\/\/sail-mirella.de\/wp-content\/uploads\/2020\/04\/6AE7F248-9207-402B-9952-EF4AFC81B120-1153x2048.jpg 1153w, http:\/\/sail-mirella.de\/wp-content\/uploads\/2020\/04\/6AE7F248-9207-402B-9952-EF4AFC81B120-scaled.jpg 1441w\" sizes=\"(max-width: 274px) 100vw, 274px\" \/><figcaption id=\"caption-attachment-337\" class=\"wp-caption-text\">Schott und vordere Cockpitwand sind auch schon &#8222;sch\u00f6n&#8220;, hier wird der Handschliff aber noch viel Arbeit machen, demn\u00e4chst.<\/figcaption><\/figure>\n<p>Danach noch schnell aufr\u00e4umen und das Schiff mit der Plane abdecken, auf das frische Holz soll ja m\u00f6glichst gar nicht erst Staub kommen.<\/p>\n<figure id=\"attachment_359\" aria-describedby=\"caption-attachment-359\" style=\"width: 327px\" class=\"wp-caption aligncenter\"><img loading=\"lazy\" decoding=\"async\" class=\" wp-image-359\" src=\"http:\/\/sail-mirella.de\/wp-content\/uploads\/2020\/04\/Werkzeug-225x300.jpg\" alt=\"\" width=\"327\" height=\"436\" srcset=\"http:\/\/sail-mirella.de\/wp-content\/uploads\/2020\/04\/Werkzeug-225x300.jpg 225w, http:\/\/sail-mirella.de\/wp-content\/uploads\/2020\/04\/Werkzeug-768x1024.jpg 768w, http:\/\/sail-mirella.de\/wp-content\/uploads\/2020\/04\/Werkzeug-1152x1536.jpg 1152w, http:\/\/sail-mirella.de\/wp-content\/uploads\/2020\/04\/Werkzeug-1536x2048.jpg 1536w, http:\/\/sail-mirella.de\/wp-content\/uploads\/2020\/04\/Werkzeug-scaled.jpg 1920w\" sizes=\"(max-width: 327px) 100vw, 327px\" \/><figcaption id=\"caption-attachment-359\" class=\"wp-caption-text\">Das Werkzeug vom heutigen Tage:<br \/>Akkuschrauber, Multimaster mit vorsatzwerkezeugkoffer, Excenter und Minischwingschleifer. Der Hei\u00dfluftf\u00f6hn ist nicht auf dem Foto.<\/figcaption><\/figure>\n","protected":false},"excerpt":{"rendered":"<p>Eine altes Lackiersprichwort sagt: 95-98% der Arbeit beim Lackieren steckt in der Vorbereitung (das verschiebt sich ein wenig bei Pinsellackierungen). Beim Lack abziehen ist man immer eher bei 98%&#8230;.. Dieses Wochenende wollten wir eigentlich alles fertigkratzen und schleifen im und ums Cockpit um dann endlich mal diese Fl\u00e4chen Beizen und die ersten Lackschichten auftragen zu &hellip; <\/p>\n<p class=\"link-more\"><a href=\"http:\/\/sail-mirella.de\/?p=342\" class=\"more-link\"><span class=\"screen-reader-text\">\u201eVor dem Lackieren kommt der Flei\u00df\u201c<\/span> weiterlesen<\/a><\/p>\n","protected":false},"author":1,"featured_media":0,"comment_status":"open","ping_status":"open","sticky":false,"template":"","format":"standard","meta":{"footnotes":""},"categories":[1],"tags":[],"_links":{"self":[{"href":"http:\/\/sail-mirella.de\/index.php?rest_route=\/wp\/v2\/posts\/342"}],"collection":[{"href":"http:\/\/sail-mirella.de\/index.php?rest_route=\/wp\/v2\/posts"}],"about":[{"href":"http:\/\/sail-mirella.de\/index.php?rest_route=\/wp\/v2\/types\/post"}],"author":[{"embeddable":true,"href":"http:\/\/sail-mirella.de\/index.php?rest_route=\/wp\/v2\/users\/1"}],"replies":[{"embeddable":true,"href":"http:\/\/sail-mirella.de\/index.php?rest_route=%2Fwp%2Fv2%2Fcomments&post=342"}],"version-history":[{"count":1,"href":"http:\/\/sail-mirella.de\/index.php?rest_route=\/wp\/v2\/posts\/342\/revisions"}],"predecessor-version":[{"id":360,"href":"http:\/\/sail-mirella.de\/index.php?rest_route=\/wp\/v2\/posts\/342\/revisions\/360"}],"wp:attachment":[{"href":"http:\/\/sail-mirella.de\/index.php?rest_route=%2Fwp%2Fv2%2Fmedia&parent=342"}],"wp:term":[{"taxonomy":"category","embeddable":true,"href":"http:\/\/sail-mirella.de\/index.php?rest_route=%2Fwp%2Fv2%2Fcategories&post=342"},{"taxonomy":"post_tag","embeddable":true,"href":"http:\/\/sail-mirella.de\/index.php?rest_route=%2Fwp%2Fv2%2Ftags&post=342"}],"curies":[{"name":"wp","href":"https:\/\/api.w.org\/{rel}","templated":true}]}}