{"id":306,"date":"2020-03-20T22:53:09","date_gmt":"2020-03-20T21:53:09","guid":{"rendered":"http:\/\/sail-mirella.de\/?p=306"},"modified":"2020-04-26T23:06:14","modified_gmt":"2020-04-26T22:06:14","slug":"es-geht-voran-und-zurueck","status":"publish","type":"post","link":"http:\/\/sail-mirella.de\/?p=306","title":{"rendered":"es geht voran&#8230;.. und zur\u00fcck"},"content":{"rendered":"<p>in den letzten Tagen tut sich einiges an Mirella.<\/p>\n<p>nach dem wiedererstellen der Spantenenden hat Barth auch noch die Bodenwrange aufgenommen (Schablone gebaut)<\/p>\n<figure id=\"attachment_298\" aria-describedby=\"caption-attachment-298\" style=\"width: 300px\" class=\"wp-caption alignnone\"><img loading=\"lazy\" decoding=\"async\" class=\"size-medium wp-image-298\" src=\"http:\/\/sail-mirella.de\/wp-content\/uploads\/2020\/03\/IMG_1731-300x225.jpg\" alt=\"\" width=\"300\" height=\"225\" srcset=\"http:\/\/sail-mirella.de\/wp-content\/uploads\/2020\/03\/IMG_1731-300x225.jpg 300w, http:\/\/sail-mirella.de\/wp-content\/uploads\/2020\/03\/IMG_1731-1024x768.jpg 1024w, http:\/\/sail-mirella.de\/wp-content\/uploads\/2020\/03\/IMG_1731-768x576.jpg 768w, http:\/\/sail-mirella.de\/wp-content\/uploads\/2020\/03\/IMG_1731-1536x1152.jpg 1536w, http:\/\/sail-mirella.de\/wp-content\/uploads\/2020\/03\/IMG_1731-2048x1536.jpg 2048w\" sizes=\"(max-width: 300px) 100vw, 300px\" \/><figcaption id=\"caption-attachment-298\" class=\"wp-caption-text\">Schabloen Bodenwrange<\/figcaption><\/figure>\n<p>und hat schon Eichenh\u00f6lzer verleimt zum Nachbau der Bodenwrange, die wir aber erst mit dem neuen Steven einsetzen wollen.<\/p>\n<figure id=\"attachment_300\" aria-describedby=\"caption-attachment-300\" style=\"width: 300px\" class=\"wp-caption alignnone\"><img loading=\"lazy\" decoding=\"async\" class=\"size-medium wp-image-300\" src=\"http:\/\/sail-mirella.de\/wp-content\/uploads\/2020\/03\/IMG_1733-300x225.jpg\" alt=\"\" width=\"300\" height=\"225\" srcset=\"http:\/\/sail-mirella.de\/wp-content\/uploads\/2020\/03\/IMG_1733-300x225.jpg 300w, http:\/\/sail-mirella.de\/wp-content\/uploads\/2020\/03\/IMG_1733-1024x768.jpg 1024w, http:\/\/sail-mirella.de\/wp-content\/uploads\/2020\/03\/IMG_1733-768x576.jpg 768w, http:\/\/sail-mirella.de\/wp-content\/uploads\/2020\/03\/IMG_1733-1536x1152.jpg 1536w, http:\/\/sail-mirella.de\/wp-content\/uploads\/2020\/03\/IMG_1733-2048x1536.jpg 2048w\" sizes=\"(max-width: 300px) 100vw, 300px\" \/><figcaption id=\"caption-attachment-300\" class=\"wp-caption-text\">H\u00f6lzer verleimt f\u00fcr die Bodenwrange<\/figcaption><\/figure>\n<figure id=\"attachment_299\" aria-describedby=\"caption-attachment-299\" style=\"width: 300px\" class=\"wp-caption alignnone\"><img loading=\"lazy\" decoding=\"async\" class=\"wp-image-299 size-medium\" src=\"http:\/\/sail-mirella.de\/wp-content\/uploads\/2020\/03\/IMG_1732-300x225.jpg\" alt=\"\" width=\"300\" height=\"225\" srcset=\"http:\/\/sail-mirella.de\/wp-content\/uploads\/2020\/03\/IMG_1732-300x225.jpg 300w, http:\/\/sail-mirella.de\/wp-content\/uploads\/2020\/03\/IMG_1732-1024x768.jpg 1024w, http:\/\/sail-mirella.de\/wp-content\/uploads\/2020\/03\/IMG_1732-768x576.jpg 768w, http:\/\/sail-mirella.de\/wp-content\/uploads\/2020\/03\/IMG_1732-1536x1152.jpg 1536w, http:\/\/sail-mirella.de\/wp-content\/uploads\/2020\/03\/IMG_1732-2048x1536.jpg 2048w\" sizes=\"(max-width: 300px) 100vw, 300px\" \/><figcaption id=\"caption-attachment-299\" class=\"wp-caption-text\">andere Perspektive.<\/figcaption><\/figure>\n<p>Danach habe ich dann doch die Steuerbord Cockpitwand rausgenommen, an der Unterseite waren die tragenden H\u00f6lzer ehh rott, die Sperrholz Tragplatte war durchgegammelt und h\u00e4tte eingeflickt werden m\u00fc\u00dfen, und das war der Hauptgrund, wir brauchen Platz um die gro\u00dfen Spanten an der Bodenwrange anzusch\u00e4ften und mit den Steven im Boot arbeiten zu k\u00f6nnen.<\/p>\n<p><img loading=\"lazy\" decoding=\"async\" class=\"alignnone size-medium wp-image-307\" src=\"http:\/\/sail-mirella.de\/wp-content\/uploads\/2020\/03\/IMG_1742-225x300.jpg\" alt=\"selbst f\u00fcr so eine kleine Sitzbankecke m\u00fc\u00dfen erst alle Pfropfen raus, dann Schrauebn raus, danach mit dem Multimaster alle verleimungen l\u00f6sen. auch dieses Teil soll wieder verwendet werden.\" width=\"225\" height=\"300\" srcset=\"http:\/\/sail-mirella.de\/wp-content\/uploads\/2020\/03\/IMG_1742-225x300.jpg 225w, http:\/\/sail-mirella.de\/wp-content\/uploads\/2020\/03\/IMG_1742-768x1024.jpg 768w, http:\/\/sail-mirella.de\/wp-content\/uploads\/2020\/03\/IMG_1742-1152x1536.jpg 1152w, http:\/\/sail-mirella.de\/wp-content\/uploads\/2020\/03\/IMG_1742-1536x2048.jpg 1536w, http:\/\/sail-mirella.de\/wp-content\/uploads\/2020\/03\/IMG_1742-scaled.jpg 1920w\" sizes=\"(max-width: 225px) 100vw, 225px\" \/><\/p>\n<p>Da die sch\u00f6nen original H\u00f6lzer erhalten werden solllen mu\u00dfte ich vorsichtig, St\u00fcck f\u00fcr St\u00fcck die tragenden Teile wegschneiden bis ich ganz achtern und in der Mitte jeweils eines dieser Bretter rausziehen konnte.<\/p>\n<p><img loading=\"lazy\" decoding=\"async\" class=\"alignnone size-medium wp-image-297\" src=\"http:\/\/sail-mirella.de\/wp-content\/uploads\/2020\/03\/IMG_1743-300x225.jpg\" alt=\"noch ist die Cockpitwand da, aber oben sind alle Sitzb\u00e4nke entfernt, so langsam wei\u00df man wo man trennen mu\u00df.\" width=\"300\" height=\"225\" srcset=\"http:\/\/sail-mirella.de\/wp-content\/uploads\/2020\/03\/IMG_1743-300x225.jpg 300w, http:\/\/sail-mirella.de\/wp-content\/uploads\/2020\/03\/IMG_1743-1024x768.jpg 1024w, http:\/\/sail-mirella.de\/wp-content\/uploads\/2020\/03\/IMG_1743-768x576.jpg 768w, http:\/\/sail-mirella.de\/wp-content\/uploads\/2020\/03\/IMG_1743-1536x1152.jpg 1536w, http:\/\/sail-mirella.de\/wp-content\/uploads\/2020\/03\/IMG_1743-2048x1536.jpg 2048w\" sizes=\"(max-width: 300px) 100vw, 300px\" \/><\/p>\n<p>nun konnte das Teilst\u00fcck entfernt werden (der Rest folgt noch). Bb ist der tragende Balken bis auf eine Stelle noch gut, deswegen bleit die Seite vorerst erhalten.<\/p>\n<figure id=\"attachment_308\" aria-describedby=\"caption-attachment-308\" style=\"width: 225px\" class=\"wp-caption alignnone\"><img loading=\"lazy\" decoding=\"async\" class=\"size-medium wp-image-308\" src=\"http:\/\/sail-mirella.de\/wp-content\/uploads\/2020\/03\/DSCN1363-225x300.jpg\" alt=\"\" width=\"225\" height=\"300\" srcset=\"http:\/\/sail-mirella.de\/wp-content\/uploads\/2020\/03\/DSCN1363-225x300.jpg 225w, http:\/\/sail-mirella.de\/wp-content\/uploads\/2020\/03\/DSCN1363-768x1024.jpg 768w, http:\/\/sail-mirella.de\/wp-content\/uploads\/2020\/03\/DSCN1363-1152x1536.jpg 1152w, http:\/\/sail-mirella.de\/wp-content\/uploads\/2020\/03\/DSCN1363-1536x2048.jpg 1536w, http:\/\/sail-mirella.de\/wp-content\/uploads\/2020\/03\/DSCN1363-scaled.jpg 1920w\" sizes=\"(max-width: 225px) 100vw, 225px\" \/><figcaption id=\"caption-attachment-308\" class=\"wp-caption-text\">Cockpiwand Stbd entfernt (einkleines St\u00fcck steht noch) so sah es Sonntag abend aus.<\/figcaption><\/figure>\n<p>Am Montag legt Barth los mit dem l\u00f6sen der Planken und dem freilegen des Stevens. vorher hat er noch das Achterschiff abgest\u00fctz gegen Absacken (wir haben eher leicht angehoben um die N\u00e4hte im Steven zu entlasten und nach dem einf\u00fcgen der neuen H\u00f6lzer kein min\u00edmales sacken zu haben. Au\u00dferdem das Hennegastrohr (&#8222;Stevenrohr&#8220; um die Ruderwelle) vermessen f\u00fcr sp\u00e4teres neues Bohren. Die Schiffswelle haben wir schon Freitag gemessen, das wird noch spannend diese L\u00f6cher neu zu Bohren.<\/p>\n<p>Um die Planken zu l\u00f6sen m\u00fc\u00dfen ersteinmal die Schrauben und Nieten entfernt werden, die Alle mit &#8222;Proppen&#8220; verschlossen sind.<\/p>\n<figure id=\"attachment_330\" aria-describedby=\"caption-attachment-330\" style=\"width: 335px\" class=\"wp-caption aligncenter\"><img loading=\"lazy\" decoding=\"async\" class=\" wp-image-330\" src=\"http:\/\/sail-mirella.de\/wp-content\/uploads\/2020\/03\/IMG_1633-225x300.jpg\" alt=\"\" width=\"335\" height=\"447\" srcset=\"http:\/\/sail-mirella.de\/wp-content\/uploads\/2020\/03\/IMG_1633-225x300.jpg 225w, http:\/\/sail-mirella.de\/wp-content\/uploads\/2020\/03\/IMG_1633-768x1024.jpg 768w, http:\/\/sail-mirella.de\/wp-content\/uploads\/2020\/03\/IMG_1633-1152x1536.jpg 1152w, http:\/\/sail-mirella.de\/wp-content\/uploads\/2020\/03\/IMG_1633-1536x2048.jpg 1536w, http:\/\/sail-mirella.de\/wp-content\/uploads\/2020\/03\/IMG_1633-scaled.jpg 1920w\" sizes=\"(max-width: 335px) 100vw, 335px\" \/><figcaption id=\"caption-attachment-330\" class=\"wp-caption-text\">Hier sehen wir so einen Proppen (auch Holzzapfen), mit einem scharfen d\u00fcnnen Stechbeitel kann man diese entfernen. um \u00fcberhaupt die die Proppen sehen zu k\u00f6nnen m\u00fc\u00dfen wir vorher das Antifouling sowie alle Primer entfernen.<\/figcaption><\/figure>\n<figure id=\"attachment_327\" aria-describedby=\"caption-attachment-327\" style=\"width: 356px\" class=\"wp-caption aligncenter\"><img loading=\"lazy\" decoding=\"async\" class=\" wp-image-327\" src=\"http:\/\/sail-mirella.de\/wp-content\/uploads\/2020\/03\/IMG_1635-225x300.jpg\" alt=\"\" width=\"356\" height=\"475\" srcset=\"http:\/\/sail-mirella.de\/wp-content\/uploads\/2020\/03\/IMG_1635-225x300.jpg 225w, http:\/\/sail-mirella.de\/wp-content\/uploads\/2020\/03\/IMG_1635-768x1024.jpg 768w, http:\/\/sail-mirella.de\/wp-content\/uploads\/2020\/03\/IMG_1635-1152x1536.jpg 1152w, http:\/\/sail-mirella.de\/wp-content\/uploads\/2020\/03\/IMG_1635-1536x2048.jpg 1536w, http:\/\/sail-mirella.de\/wp-content\/uploads\/2020\/03\/IMG_1635-scaled.jpg 1920w\" sizes=\"(max-width: 356px) 100vw, 356px\" \/><figcaption id=\"caption-attachment-327\" class=\"wp-caption-text\">die freigelegten Nieten kann man innen den Kopf abflexen, danach mit einem Durchschlag ausschlagen.<\/figcaption><\/figure>\n<p>Dann legt er los:<\/p>\n<figure id=\"attachment_310\" aria-describedby=\"caption-attachment-310\" style=\"width: 491px\" class=\"wp-caption aligncenter\"><img loading=\"lazy\" decoding=\"async\" class=\" wp-image-310\" src=\"http:\/\/sail-mirella.de\/wp-content\/uploads\/2020\/03\/DSCN1355-1-300x225.jpg\" alt=\"\" width=\"491\" height=\"368\" srcset=\"http:\/\/sail-mirella.de\/wp-content\/uploads\/2020\/03\/DSCN1355-1-300x225.jpg 300w, http:\/\/sail-mirella.de\/wp-content\/uploads\/2020\/03\/DSCN1355-1-1024x768.jpg 1024w, http:\/\/sail-mirella.de\/wp-content\/uploads\/2020\/03\/DSCN1355-1-768x576.jpg 768w, http:\/\/sail-mirella.de\/wp-content\/uploads\/2020\/03\/DSCN1355-1-1536x1152.jpg 1536w, http:\/\/sail-mirella.de\/wp-content\/uploads\/2020\/03\/DSCN1355-1-2048x1536.jpg 2048w\" sizes=\"(max-width: 491px) 100vw, 491px\" \/><figcaption id=\"caption-attachment-310\" class=\"wp-caption-text\">erste Planken rausgeschnitten, langsam wird alles klarer. Barth entfernt eine der abgebohrten Schrauben (kann man zum Gl\u00fcck mit der Zange ausdrehen).<\/figcaption><\/figure>\n<figure id=\"attachment_309\" aria-describedby=\"caption-attachment-309\" style=\"width: 596px\" class=\"wp-caption aligncenter\"><img loading=\"lazy\" decoding=\"async\" class=\" wp-image-309\" src=\"http:\/\/sail-mirella.de\/wp-content\/uploads\/2020\/03\/DSCN1357-300x225.jpg\" alt=\"\" width=\"596\" height=\"447\" srcset=\"http:\/\/sail-mirella.de\/wp-content\/uploads\/2020\/03\/DSCN1357-300x225.jpg 300w, http:\/\/sail-mirella.de\/wp-content\/uploads\/2020\/03\/DSCN1357-1024x768.jpg 1024w, http:\/\/sail-mirella.de\/wp-content\/uploads\/2020\/03\/DSCN1357-768x576.jpg 768w, http:\/\/sail-mirella.de\/wp-content\/uploads\/2020\/03\/DSCN1357-1536x1152.jpg 1536w, http:\/\/sail-mirella.de\/wp-content\/uploads\/2020\/03\/DSCN1357-2048x1536.jpg 2048w\" sizes=\"(max-width: 596px) 100vw, 596px\" \/><figcaption id=\"caption-attachment-309\" class=\"wp-caption-text\">hier kann man gut erkenne wie d\u00fcnn der Steven gerottet ist, eigentlich geht er gut 10 cm weiter in das Schiff. Nach gut 115 Jahren und der schlechten Reparatur oberhalb in den 70er Jahren ist dies nur verst\u00e4ndlich.<\/figcaption><\/figure>\n<p>&nbsp;<\/p>\n<p>Dann kommen die wichtigen Schnitte die ein Teil des maroden R\u00fcckrates entfernen.<\/p>\n<figure id=\"attachment_303\" aria-describedby=\"caption-attachment-303\" style=\"width: 467px\" class=\"wp-caption aligncenter\"><img loading=\"lazy\" decoding=\"async\" class=\" wp-image-303\" src=\"http:\/\/sail-mirella.de\/wp-content\/uploads\/2020\/03\/DSCN1358-225x300.jpg\" alt=\"\" width=\"467\" height=\"623\" srcset=\"http:\/\/sail-mirella.de\/wp-content\/uploads\/2020\/03\/DSCN1358-225x300.jpg 225w, http:\/\/sail-mirella.de\/wp-content\/uploads\/2020\/03\/DSCN1358-768x1024.jpg 768w, http:\/\/sail-mirella.de\/wp-content\/uploads\/2020\/03\/DSCN1358-1152x1536.jpg 1152w, http:\/\/sail-mirella.de\/wp-content\/uploads\/2020\/03\/DSCN1358-1536x2048.jpg 1536w, http:\/\/sail-mirella.de\/wp-content\/uploads\/2020\/03\/DSCN1358-scaled.jpg 1920w\" sizes=\"(max-width: 467px) 100vw, 467px\" \/><figcaption id=\"caption-attachment-303\" class=\"wp-caption-text\">Auch von hier sieht man den sehr angefressenen Steven, unsere neuen Spanten und viel Licht vom Dach \ud83d\ude41<\/figcaption><\/figure>\n<p>&nbsp;<\/p>\n<p>&nbsp;<\/p>\n<p>&nbsp;<\/p>\n<p>&nbsp;<\/p>\n","protected":false},"excerpt":{"rendered":"<p>in den letzten Tagen tut sich einiges an Mirella. nach dem wiedererstellen der Spantenenden hat Barth auch noch die Bodenwrange aufgenommen (Schablone gebaut) und hat schon Eichenh\u00f6lzer verleimt zum Nachbau der Bodenwrange, die wir aber erst mit dem neuen Steven einsetzen wollen. Danach habe ich dann doch die Steuerbord Cockpitwand rausgenommen, an der Unterseite waren &hellip; <\/p>\n<p class=\"link-more\"><a href=\"http:\/\/sail-mirella.de\/?p=306\" class=\"more-link\"><span class=\"screen-reader-text\">\u201ees geht voran&#8230;.. und zur\u00fcck\u201c<\/span> weiterlesen<\/a><\/p>\n","protected":false},"author":1,"featured_media":0,"comment_status":"open","ping_status":"open","sticky":false,"template":"","format":"standard","meta":{"footnotes":""},"categories":[1],"tags":[],"_links":{"self":[{"href":"http:\/\/sail-mirella.de\/index.php?rest_route=\/wp\/v2\/posts\/306"}],"collection":[{"href":"http:\/\/sail-mirella.de\/index.php?rest_route=\/wp\/v2\/posts"}],"about":[{"href":"http:\/\/sail-mirella.de\/index.php?rest_route=\/wp\/v2\/types\/post"}],"author":[{"embeddable":true,"href":"http:\/\/sail-mirella.de\/index.php?rest_route=\/wp\/v2\/users\/1"}],"replies":[{"embeddable":true,"href":"http:\/\/sail-mirella.de\/index.php?rest_route=%2Fwp%2Fv2%2Fcomments&post=306"}],"version-history":[{"count":4,"href":"http:\/\/sail-mirella.de\/index.php?rest_route=\/wp\/v2\/posts\/306\/revisions"}],"predecessor-version":[{"id":362,"href":"http:\/\/sail-mirella.de\/index.php?rest_route=\/wp\/v2\/posts\/306\/revisions\/362"}],"wp:attachment":[{"href":"http:\/\/sail-mirella.de\/index.php?rest_route=%2Fwp%2Fv2%2Fmedia&parent=306"}],"wp:term":[{"taxonomy":"category","embeddable":true,"href":"http:\/\/sail-mirella.de\/index.php?rest_route=%2Fwp%2Fv2%2Fcategories&post=306"},{"taxonomy":"post_tag","embeddable":true,"href":"http:\/\/sail-mirella.de\/index.php?rest_route=%2Fwp%2Fv2%2Ftags&post=306"}],"curies":[{"name":"wp","href":"https:\/\/api.w.org\/{rel}","templated":true}]}}