{"id":292,"date":"2020-03-01T21:58:52","date_gmt":"2020-03-01T20:58:52","guid":{"rendered":"http:\/\/sail-mirella.de\/?p=292"},"modified":"2020-03-29T21:59:42","modified_gmt":"2020-03-29T20:59:42","slug":"spantenbau-teil-3-die-schaeftung","status":"publish","type":"post","link":"http:\/\/sail-mirella.de\/?p=292","title":{"rendered":"Spantenbau Teil 3: die Sch\u00e4ftung"},"content":{"rendered":"<p>Heute sollen nun die neu geleimten Spanten\u00a0 an die vorhandenen Spanten Kraftschl\u00fcssig angeleimt werden, daf\u00fcr brauchen wir eine sogenannte Sch\u00e4ftung.<\/p>\n<p>Wikipedia sagt dazu:<\/p>\n<p>Bei einer gesch\u00e4fteten <a title=\"Holzverbindung\" href=\"https:\/\/de.wikipedia.org\/wiki\/Holzverbindung\">Holzverbindung<\/a> werden zwei l\u00e4ngliche Holzteile (<a class=\"mw-redirect\" title=\"Stock (Stab)\" href=\"https:\/\/de.wikipedia.org\/wiki\/Stock_(Stab)\">Stab<\/a>, <a title=\"Leiste (Bauteil)\" href=\"https:\/\/de.wikipedia.org\/wiki\/Leiste_(Bauteil)\">Leiste<\/a>, anderes <a title=\"Schnittholz\" href=\"https:\/\/de.wikipedia.org\/wiki\/Schnittholz\">Schnittholz<\/a>) zu einem l\u00e4ngeren St\u00fcck fest verbunden es ergibt sich ein tragender faserparalleler L\u00e4ngssto\u00df (DIN 1052-1 und 1052-2). Die zu verbindenden Enden der Teile werden abgeschr\u00e4gt, hierbei darf die Klebefl\u00e4chenneigung (Verh\u00e4ltnis Verbindungsl\u00e4nge zu Bauteildicke bzw. -h\u00f6he) <span class=\"mwe-math-element\"><span class=\"mwe-math-mathml-inline mwe-math-mathml-a11y\"> 10 1 {\\displaystyle {\\tfrac {10}{1}}} <\/span><img decoding=\"async\" class=\"mwe-math-fallback-image-inline\" src=\"https:\/\/wikimedia.org\/api\/rest_v1\/media\/math\/render\/svg\/d119b9166cbbac8b59129a721fb49d847c14f0f5\" alt=\"{\\displaystyle {\\tfrac {10}{1}}}\" aria-hidden=\"true\" \/><\/span> nicht \u00fcbersteigen (<span class=\"mwe-math-element\"><span class=\"mwe-math-mathml-inline mwe-math-mathml-a11y\"> l \/ h \u2264 10 \/ 1 {\\displaystyle l\/h\\leq 10\/1} <\/span><img decoding=\"async\" class=\"mwe-math-fallback-image-inline\" src=\"https:\/\/wikimedia.org\/api\/rest_v1\/media\/math\/render\/svg\/04a9c7f2dbe3fa2bf9d0e2779830f9b296a19f0d\" alt=\"{\\displaystyle l\/h\\leq 10\/1}\" aria-hidden=\"true\" \/><\/span>)<sup id=\"cite_ref-1\" class=\"reference\"><a href=\"https:\/\/de.wikipedia.org\/wiki\/Sch%C3%A4ften#cite_note-1\">[1]<\/a><\/sup>.<\/p>\n<div class=\"thumb tright\">\n<div class=\"thumbinner\">\n<p><a class=\"image\" href=\"https:\/\/de.wikipedia.org\/wiki\/Datei:Klebefl%C3%A4chenneigung_bei_einer_Sch%C3%A4ftung.png\"><img loading=\"lazy\" decoding=\"async\" class=\"thumbimage\" src=\"https:\/\/upload.wikimedia.org\/wikipedia\/commons\/thumb\/2\/2e\/Klebefl%C3%A4chenneigung_bei_einer_Sch%C3%A4ftung.png\/220px-Klebefl%C3%A4chenneigung_bei_einer_Sch%C3%A4ftung.png\" srcset=\"\/\/upload.wikimedia.org\/wikipedia\/commons\/thumb\/2\/2e\/Klebefl%C3%A4chenneigung_bei_einer_Sch%C3%A4ftung.png\/330px-Klebefl%C3%A4chenneigung_bei_einer_Sch%C3%A4ftung.png 1.5x, \/\/upload.wikimedia.org\/wikipedia\/commons\/thumb\/2\/2e\/Klebefl%C3%A4chenneigung_bei_einer_Sch%C3%A4ftung.png\/440px-Klebefl%C3%A4chenneigung_bei_einer_Sch%C3%A4ftung.png 2x\" alt=\"Klebefl\u00e4chenneigung bei einer Sch\u00e4ftung\" width=\"220\" height=\"39\" data-file-width=\"1300\" data-file-height=\"232\" \/><\/a><\/p>\n<div class=\"thumbcaption\">\n<div class=\"magnify\"><\/div>\n<\/div>\n<\/div>\n<\/div>\n<div class=\"thumb tright\">\n<div class=\"thumbinner\">\n<div class=\"thumbcaption\">Klebefl\u00e4chenneigung bei einer Sch\u00e4ftung. Das Verh\u00e4ltnis der Verbindungsl\u00e4nge <span class=\"mwe-math-element\"><span class=\"mwe-math-mathml-inline mwe-math-mathml-a11y\"> l {\\displaystyle l} <\/span><img decoding=\"async\" class=\"mwe-math-fallback-image-inline\" src=\"https:\/\/wikimedia.org\/api\/rest_v1\/media\/math\/render\/svg\/829091f745070b9eb97a80244129025440a1cfac\" alt=\"l\" aria-hidden=\"true\" \/><\/span> zur Bauteilh\u00f6he <span class=\"mwe-math-element\"><span class=\"mwe-math-mathml-inline mwe-math-mathml-a11y\"> h {\\displaystyle h} <\/span><img decoding=\"async\" class=\"mwe-math-fallback-image-inline\" src=\"https:\/\/wikimedia.org\/api\/rest_v1\/media\/math\/render\/svg\/b26be3e694314bc90c3215047e4a2010c6ee184a\" alt=\"h\" aria-hidden=\"true\" \/><\/span> darf nicht gr\u00f6\u00dfer als <span class=\"mwe-math-element\"><span class=\"mwe-math-mathml-inline mwe-math-mathml-a11y\"> 10 \/ 1 {\\displaystyle 10\/1} <\/span><img decoding=\"async\" class=\"mwe-math-fallback-image-inline\" src=\"https:\/\/wikimedia.org\/api\/rest_v1\/media\/math\/render\/svg\/95e86b008904e6a47d0fea5690bbf5262d5ef9a0\" alt=\"{\\displaystyle 10\/1}\" aria-hidden=\"true\" \/><\/span> sein. Als Faustformel wird <span class=\"mwe-math-element\"><span class=\"mwe-math-mathml-inline mwe-math-mathml-a11y\"> l = 8 h {\\displaystyle l=8h} <\/span><img decoding=\"async\" class=\"mwe-math-fallback-image-inline\" src=\"https:\/\/wikimedia.org\/api\/rest_v1\/media\/math\/render\/svg\/40eecb9d875845fecc48ce5e1379bcf917d305d6\" alt=\"{\\displaystyle l=8h}\" aria-hidden=\"true\" \/><\/span> angenommen.<\/div>\n<\/div>\n<\/div>\n<p>Die schr\u00e4gen Fl\u00e4chen werden aufeinandergelegt und <a title=\"Leim\" href=\"https:\/\/de.wikipedia.org\/wiki\/Leim\">verleimt<\/a>.<\/p>\n<p>Die schr\u00e4ge Kontaktfl\u00e4che ist bei Beachtung der Regel <span class=\"mwe-math-element\"><span class=\"mwe-math-mathml-inline mwe-math-mathml-a11y\"> l h \u2264 10 1 {\\displaystyle {\\tfrac {l}{h}}\\leq {\\tfrac {10}{1}}} <\/span><img decoding=\"async\" class=\"mwe-math-fallback-image-inline\" src=\"https:\/\/wikimedia.org\/api\/rest_v1\/media\/math\/render\/svg\/1a3a24a7b7f6c3e6a9c1cf002e7c8e62356db209\" alt=\"{\\displaystyle {\\tfrac {l}{h}}\\leq {\\tfrac {10}{1}}}\" aria-hidden=\"true\" \/><\/span> maximal etwas \u00fcber zehnfach gr\u00f6\u00dfer (genau: <span class=\"mwe-math-element\"><span class=\"mwe-math-mathml-inline mwe-math-mathml-a11y\"> 101 {\\displaystyle {\\sqrt {101}}} <\/span><img decoding=\"async\" class=\"mwe-math-fallback-image-inline\" src=\"https:\/\/wikimedia.org\/api\/rest_v1\/media\/math\/render\/svg\/8f7d28897a334b9386db14020c9e9bcd9f7fb3fc\" alt=\"{\\displaystyle {\\sqrt {101}}}\" aria-hidden=\"true\" \/><\/span>) als zuvor die <a class=\"mw-redirect\" title=\"Stirnholz\" href=\"https:\/\/de.wikipedia.org\/wiki\/Stirnholz\">Stirnfl\u00e4che<\/a>. Die Verbindung ist aber auch deshalb st\u00e4rker, weil die Holzfasern \u00fcber eine kleine Strecke l\u00e4ngs miteinander <a title=\"Kleben\" href=\"https:\/\/de.wikipedia.org\/wiki\/Kleben\">verklebt<\/a> werden und nicht nur stumpf aufeinandersto\u00dfen.<\/p>\n<p>Falls das St\u00fcck nach dem Verbinden gebogen werden soll, ist mit Sch\u00e4ften eine gleichm\u00e4\u00dfige Rundung zu erreichen, da sich die <a class=\"mw-redirect\" title=\"Biegesteifigkeit\" href=\"https:\/\/de.wikipedia.org\/wiki\/Biegesteifigkeit\">Biegesteifigkeit<\/a> des St\u00fcckes nicht auf einer sehr kurzen Strecke sprunghaft \u00e4ndert, wie dies bei einer stumpfen Verbindung und eingeschr\u00e4nkt auch bei einer <a class=\"mw-redirect\" title=\"\u00dcberblattung\" href=\"https:\/\/de.wikipedia.org\/wiki\/%C3%9Cberblattung#Sto\u00df,_Gehrung_und_\u00dcberblattung\">\u00dcberblattung<\/a> der Fall ist. Bei der \u00dcberblattung \u00e4ndert sich die Biegesteifigkeit sprunghaft an zwei Sto\u00dfstellen. (Sie wird gelegentlich auch als Sch\u00e4ftung bezeichnet, wenn sie zum Verl\u00e4ngern benutzt wird.)<\/p>\n<p>Soweit Wikipedia und danke!<\/p>\n<p>Also wir wollen m\u00f6glichst eine 1\/10 Sch\u00e4ftung hinbekommen, d.h. bei 2 cm Materialst\u00e4rke h\u00e4tten wir einen (mind)\u00a0 20cm langen Schnitt.<\/p>\n<figure id=\"attachment_288\" aria-describedby=\"caption-attachment-288\" style=\"width: 300px\" class=\"wp-caption alignnone\"><img loading=\"lazy\" decoding=\"async\" class=\"size-medium wp-image-288\" src=\"http:\/\/sail-mirella.de\/wp-content\/uploads\/2020\/03\/IMG_1641-scaled-e1585514624357-300x225.jpg\" alt=\"\" width=\"300\" height=\"225\" srcset=\"http:\/\/sail-mirella.de\/wp-content\/uploads\/2020\/03\/IMG_1641-scaled-e1585514624357-300x225.jpg 300w, http:\/\/sail-mirella.de\/wp-content\/uploads\/2020\/03\/IMG_1641-scaled-e1585514624357-1024x768.jpg 1024w, http:\/\/sail-mirella.de\/wp-content\/uploads\/2020\/03\/IMG_1641-scaled-e1585514624357-768x576.jpg 768w, http:\/\/sail-mirella.de\/wp-content\/uploads\/2020\/03\/IMG_1641-scaled-e1585514624357-1536x1152.jpg 1536w, http:\/\/sail-mirella.de\/wp-content\/uploads\/2020\/03\/IMG_1641-scaled-e1585514624357-2048x1536.jpg 2048w\" sizes=\"(max-width: 300px) 100vw, 300px\" \/><figcaption id=\"caption-attachment-288\" class=\"wp-caption-text\">Hier kann man die Vorgehensweise sehen, vorne (unten) die Sch\u00e4ftung markiert, hinten (oben) der n\u00e4chste Spant schon einges\u00e4gt.<\/figcaption><\/figure>\n<p>Dazu zeichen wir uns einen geraden Strich in der Steigung an den Spant (hier habe ich ein Tape genommen, geht schneller und l\u00e4sst sich besser sehen). Achtung: Diese Sch\u00e4ftung ist steiler als 1:10, da ich nicht noch eine Niete ausbauen wollte, der Bruchtest gibt uns aber die Erfahrung, das diese Sch\u00e4ftung mehr h\u00e4lt als der alte Spant .<\/p>\n<p>Danach nehme ich den Multimaster und s\u00e4ge immer sch\u00f6n senkrecht (so das das S\u00e4geblatt paralell zur Oberfl\u00e4che des Spants bleibt) bis zum Tape ein (siehe den hinteren Spanten).<\/p>\n<p>Nun kann ich mit einem scharfen Stechbeitel dem Tape folgendend das eingeschnittene Holz wegbeiteln, immer bis Schnitt unterkante.<\/p>\n<figure id=\"attachment_289\" aria-describedby=\"caption-attachment-289\" style=\"width: 225px\" class=\"wp-caption alignnone\"><img loading=\"lazy\" decoding=\"async\" class=\"size-medium wp-image-289\" src=\"http:\/\/sail-mirella.de\/wp-content\/uploads\/2020\/03\/IMG_1642-225x300.jpg\" alt=\"\" width=\"225\" height=\"300\" srcset=\"http:\/\/sail-mirella.de\/wp-content\/uploads\/2020\/03\/IMG_1642-225x300.jpg 225w, http:\/\/sail-mirella.de\/wp-content\/uploads\/2020\/03\/IMG_1642-768x1024.jpg 768w, http:\/\/sail-mirella.de\/wp-content\/uploads\/2020\/03\/IMG_1642-1152x1536.jpg 1152w, http:\/\/sail-mirella.de\/wp-content\/uploads\/2020\/03\/IMG_1642-1536x2048.jpg 1536w, http:\/\/sail-mirella.de\/wp-content\/uploads\/2020\/03\/IMG_1642-scaled.jpg 1920w\" sizes=\"(max-width: 225px) 100vw, 225px\" \/><figcaption id=\"caption-attachment-289\" class=\"wp-caption-text\">das sieht dann so aus&#8230;..<\/figcaption><\/figure>\n<p>mit dem danebenliegenden Stanley Handhobel (sehr scharfer Pr\u00e4zessionshobel), nehme ich nun die letzten mm weg und mache die Fl\u00e4che wieder plan.<\/p>\n<p>Danach lege ich den anzuleimenden Spant und lege Ihn neben die Sch\u00e4ftung. mit dem Bleistift kann ich nun anzeichen wie das Spantst\u00fcck zuzuschneiden ist. (leider war hier meine Kamera alle, deswegen gibt es nur ein Bild vom fertigen Spant). Am besten kann ich den Spant auf der Tischkreiss\u00e4ge zuschneiden, ggf. noch mit dem Stanley nacharbeiten, dann sollten die Teile plan aufeinander liegen.<\/p>\n<figure id=\"attachment_301\" aria-describedby=\"caption-attachment-301\" style=\"width: 300px\" class=\"wp-caption alignnone\"><img loading=\"lazy\" decoding=\"async\" class=\"size-medium wp-image-301\" src=\"http:\/\/sail-mirella.de\/wp-content\/uploads\/2020\/03\/IMG_1746-300x225.jpg\" alt=\"\" width=\"300\" height=\"225\" srcset=\"http:\/\/sail-mirella.de\/wp-content\/uploads\/2020\/03\/IMG_1746-300x225.jpg 300w, http:\/\/sail-mirella.de\/wp-content\/uploads\/2020\/03\/IMG_1746-1024x768.jpg 1024w, http:\/\/sail-mirella.de\/wp-content\/uploads\/2020\/03\/IMG_1746-768x576.jpg 768w, http:\/\/sail-mirella.de\/wp-content\/uploads\/2020\/03\/IMG_1746-1536x1152.jpg 1536w, http:\/\/sail-mirella.de\/wp-content\/uploads\/2020\/03\/IMG_1746-2048x1536.jpg 2048w\" sizes=\"(max-width: 300px) 100vw, 300px\" \/><figcaption id=\"caption-attachment-301\" class=\"wp-caption-text\">so sehen dan die fertig angeleimten Spanten aus, hiermit haben wir eine Hilfe wie die planken die wir entfernen m\u00fc\u00dfen sp\u00e4ter wieder &#8222;liegen&#8220; m\u00fc\u00dfen.<\/figcaption><\/figure>\n<p>Auch diese Spanten leimen wir wieder mit Bindan Cin ein, gleiche Vorgehensweise wie bei den Lamellen.<\/p>\n","protected":false},"excerpt":{"rendered":"<p>Heute sollen nun die neu geleimten Spanten\u00a0 an die vorhandenen Spanten Kraftschl\u00fcssig angeleimt werden, daf\u00fcr brauchen wir eine sogenannte Sch\u00e4ftung. Wikipedia sagt dazu: Bei einer gesch\u00e4fteten Holzverbindung werden zwei l\u00e4ngliche Holzteile (Stab, Leiste, anderes Schnittholz) zu einem l\u00e4ngeren St\u00fcck fest verbunden es ergibt sich ein tragender faserparalleler L\u00e4ngssto\u00df (DIN 1052-1 und 1052-2). Die zu verbindenden &hellip; <\/p>\n<p class=\"link-more\"><a href=\"http:\/\/sail-mirella.de\/?p=292\" class=\"more-link\"><span class=\"screen-reader-text\">\u201eSpantenbau Teil 3: die Sch\u00e4ftung\u201c<\/span> weiterlesen<\/a><\/p>\n","protected":false},"author":1,"featured_media":0,"comment_status":"open","ping_status":"open","sticky":false,"template":"","format":"standard","meta":{"footnotes":""},"categories":[1],"tags":[],"_links":{"self":[{"href":"http:\/\/sail-mirella.de\/index.php?rest_route=\/wp\/v2\/posts\/292"}],"collection":[{"href":"http:\/\/sail-mirella.de\/index.php?rest_route=\/wp\/v2\/posts"}],"about":[{"href":"http:\/\/sail-mirella.de\/index.php?rest_route=\/wp\/v2\/types\/post"}],"author":[{"embeddable":true,"href":"http:\/\/sail-mirella.de\/index.php?rest_route=\/wp\/v2\/users\/1"}],"replies":[{"embeddable":true,"href":"http:\/\/sail-mirella.de\/index.php?rest_route=%2Fwp%2Fv2%2Fcomments&post=292"}],"version-history":[{"count":2,"href":"http:\/\/sail-mirella.de\/index.php?rest_route=\/wp\/v2\/posts\/292\/revisions"}],"predecessor-version":[{"id":326,"href":"http:\/\/sail-mirella.de\/index.php?rest_route=\/wp\/v2\/posts\/292\/revisions\/326"}],"wp:attachment":[{"href":"http:\/\/sail-mirella.de\/index.php?rest_route=%2Fwp%2Fv2%2Fmedia&parent=292"}],"wp:term":[{"taxonomy":"category","embeddable":true,"href":"http:\/\/sail-mirella.de\/index.php?rest_route=%2Fwp%2Fv2%2Fcategories&post=292"},{"taxonomy":"post_tag","embeddable":true,"href":"http:\/\/sail-mirella.de\/index.php?rest_route=%2Fwp%2Fv2%2Ftags&post=292"}],"curies":[{"name":"wp","href":"https:\/\/api.w.org\/{rel}","templated":true}]}}