{"id":269,"date":"2020-02-27T22:11:08","date_gmt":"2020-02-27T21:11:08","guid":{"rendered":"http:\/\/sail-mirella.de\/?p=269"},"modified":"2020-02-27T22:11:08","modified_gmt":"2020-02-27T21:11:08","slug":"spantenbau-teil-2","status":"publish","type":"post","link":"http:\/\/sail-mirella.de\/?p=269","title":{"rendered":"Spantenbau Teil 2"},"content":{"rendered":"<figure id=\"attachment_270\" aria-describedby=\"caption-attachment-270\" style=\"width: 300px\" class=\"wp-caption alignnone\"><img loading=\"lazy\" decoding=\"async\" class=\"wp-image-270 size-medium\" src=\"http:\/\/sail-mirella.de\/wp-content\/uploads\/2020\/02\/IMG_1608-1-300x225.jpg\" alt=\"\" width=\"300\" height=\"225\" srcset=\"http:\/\/sail-mirella.de\/wp-content\/uploads\/2020\/02\/IMG_1608-1-300x225.jpg 300w, http:\/\/sail-mirella.de\/wp-content\/uploads\/2020\/02\/IMG_1608-1-1024x768.jpg 1024w, http:\/\/sail-mirella.de\/wp-content\/uploads\/2020\/02\/IMG_1608-1-768x576.jpg 768w, http:\/\/sail-mirella.de\/wp-content\/uploads\/2020\/02\/IMG_1608-1-1536x1152.jpg 1536w, http:\/\/sail-mirella.de\/wp-content\/uploads\/2020\/02\/IMG_1608-1-2048x1536.jpg 2048w\" sizes=\"(max-width: 300px) 100vw, 300px\" \/><figcaption id=\"caption-attachment-270\" class=\"wp-caption-text\">Was hier aussieht wie ein &#8222;kalter Hund&#8220; (dieser Kuchen aus Butterkeks und Kuvert\u00fcre) sind unsere Formverleimten Holzteile, die Zwingen sind abgenommen, und man sieht das sich das Bauteil nur unmerklich zur\u00fcckverformt hat. wie gehen wir jetzt weiter vor? Das erkl\u00e4re ich jetzt hier im Verlauf (und die n\u00e4chsten Tage)<\/figcaption><\/figure>\n<p>Heute habe ich die Bauteile &#8222;entformt&#8220;, hei\u00df die Zwingen abgenommen, danach fallen, dank des Klebebandes, die Teile schon fast ab, wieder auf die Form gelegt sieht man die Verformung durch die &#8222;R\u00fcckspannung&#8220;, hier bei diesem (und den anderen Teilen) minimal, so soll es sein.<\/p>\n<p>Die Spanten habe ich 10 Std lang bei 20\u00b0 aush\u00e4rten lassen, so m\u00f6chte es der Leimhersteller.<\/p>\n<p>Damit daraus ein sch\u00f6ner Spant(enkopf) wird mu\u00df jetzt erstmal der \u00dcbersch\u00fcssige Leim ab (der zeigt \u00fcbrigens beim Verleimen an das wir genug Leim aufgetragen haben). Das geht am leichtesten an einem Abrichter, einem Hobel auf dem man nicht plane Holzteile planhobeln kann. Es geht nat\u00fcrlich auch mit einem Handhobel, ist nur m\u00fchsammer.<\/p>\n<p>Am Abrichter schiebe ich erst die eine<\/p>\n<figure id=\"attachment_271\" aria-describedby=\"caption-attachment-271\" style=\"width: 300px\" class=\"wp-caption aligncenter\"><img loading=\"lazy\" decoding=\"async\" class=\"wp-image-271 size-medium\" src=\"http:\/\/sail-mirella.de\/wp-content\/uploads\/2020\/02\/IMG_1611-1-scaled-e1582837335817-300x225.jpg\" alt=\"\" width=\"300\" height=\"225\" srcset=\"http:\/\/sail-mirella.de\/wp-content\/uploads\/2020\/02\/IMG_1611-1-scaled-e1582837335817-300x225.jpg 300w, http:\/\/sail-mirella.de\/wp-content\/uploads\/2020\/02\/IMG_1611-1-scaled-e1582837335817-1024x768.jpg 1024w, http:\/\/sail-mirella.de\/wp-content\/uploads\/2020\/02\/IMG_1611-1-scaled-e1582837335817-768x576.jpg 768w, http:\/\/sail-mirella.de\/wp-content\/uploads\/2020\/02\/IMG_1611-1-scaled-e1582837335817-1536x1152.jpg 1536w, http:\/\/sail-mirella.de\/wp-content\/uploads\/2020\/02\/IMG_1611-1-scaled-e1582837335817-2048x1536.jpg 2048w\" sizes=\"(max-width: 300px) 100vw, 300px\" \/><figcaption id=\"caption-attachment-271\" class=\"wp-caption-text\">die unterseite wird gehobelt (hier ist der Hobel f\u00fcr das Foto aus, sch\u00f6n sieht man die Hobelwelle mit dem Messer unterhalb des Werkst\u00fccks.<\/figcaption><\/figure>\n<p>Dann wird die andere Seite gehobelt:<\/p>\n<p><img loading=\"lazy\" decoding=\"async\" class=\"wp-image-272 size-medium aligncenter\" src=\"http:\/\/sail-mirella.de\/wp-content\/uploads\/2020\/02\/IMG_1612-1-scaled-e1582837398890-300x225.jpg\" alt=\"\" width=\"300\" height=\"225\" srcset=\"http:\/\/sail-mirella.de\/wp-content\/uploads\/2020\/02\/IMG_1612-1-scaled-e1582837398890-300x225.jpg 300w, http:\/\/sail-mirella.de\/wp-content\/uploads\/2020\/02\/IMG_1612-1-scaled-e1582837398890-1024x768.jpg 1024w, http:\/\/sail-mirella.de\/wp-content\/uploads\/2020\/02\/IMG_1612-1-scaled-e1582837398890-768x576.jpg 768w, http:\/\/sail-mirella.de\/wp-content\/uploads\/2020\/02\/IMG_1612-1-scaled-e1582837398890-1536x1152.jpg 1536w, http:\/\/sail-mirella.de\/wp-content\/uploads\/2020\/02\/IMG_1612-1-scaled-e1582837398890-2048x1536.jpg 2048w\" sizes=\"(max-width: 300px) 100vw, 300px\" \/><\/p>\n<p>&nbsp;<\/p>\n<p>So sehen dann die ferigen Rohlinge aus. Diese haben immer noch deutlich \u00dcbermass, sprich sind breiter und h\u00f6her als der fertige Spant (und nat\u00fcrlich der original Spant) aber wir m\u00fc\u00dfen diese ja auch noch einpassen.<\/p>\n<figure id=\"attachment_273\" aria-describedby=\"caption-attachment-273\" style=\"width: 300px\" class=\"wp-caption aligncenter\"><img loading=\"lazy\" decoding=\"async\" class=\"wp-image-273 size-medium\" src=\"http:\/\/sail-mirella.de\/wp-content\/uploads\/2020\/02\/IMG_1613-1-scaled-e1582837616642-300x225.jpg\" alt=\"\" width=\"300\" height=\"225\" srcset=\"http:\/\/sail-mirella.de\/wp-content\/uploads\/2020\/02\/IMG_1613-1-scaled-e1582837616642-300x225.jpg 300w, http:\/\/sail-mirella.de\/wp-content\/uploads\/2020\/02\/IMG_1613-1-scaled-e1582837616642-1024x768.jpg 1024w, http:\/\/sail-mirella.de\/wp-content\/uploads\/2020\/02\/IMG_1613-1-scaled-e1582837616642-768x576.jpg 768w, http:\/\/sail-mirella.de\/wp-content\/uploads\/2020\/02\/IMG_1613-1-scaled-e1582837616642-1536x1152.jpg 1536w, http:\/\/sail-mirella.de\/wp-content\/uploads\/2020\/02\/IMG_1613-1-scaled-e1582837616642-2048x1536.jpg 2048w\" sizes=\"(max-width: 300px) 100vw, 300px\" \/><figcaption id=\"caption-attachment-273\" class=\"wp-caption-text\">man kann hier sch\u00f6n sehen das die H\u00f6lzer gut mit Zwnigen versehen wurden, alle leimn\u00e4hte sind hauchd\u00fcnn. Au\u00dferdem kann man gut die unterschiedliche Form (Rumpfform). Diese Spantenteile haben noch deutliche \u00dcberl\u00e4nge f\u00fcr die Ansch\u00e4ftung am original Spant und ein wenig zum einpassen in die Bilge.<\/figcaption><\/figure>\n<p>Diese beim Bildbeschriebenen Arbeitsschritte folgen demn\u00e4chst.<\/p>\n","protected":false},"excerpt":{"rendered":"<p>Heute habe ich die Bauteile &#8222;entformt&#8220;, hei\u00df die Zwingen abgenommen, danach fallen, dank des Klebebandes, die Teile schon fast ab, wieder auf die Form gelegt sieht man die Verformung durch die &#8222;R\u00fcckspannung&#8220;, hier bei diesem (und den anderen Teilen) minimal, so soll es sein. Die Spanten habe ich 10 Std lang bei 20\u00b0 aush\u00e4rten lassen, &hellip; <\/p>\n<p class=\"link-more\"><a href=\"http:\/\/sail-mirella.de\/?p=269\" class=\"more-link\"><span class=\"screen-reader-text\">\u201eSpantenbau Teil 2\u201c<\/span> weiterlesen<\/a><\/p>\n","protected":false},"author":1,"featured_media":0,"comment_status":"open","ping_status":"open","sticky":false,"template":"","format":"standard","meta":{"footnotes":""},"categories":[1],"tags":[],"_links":{"self":[{"href":"http:\/\/sail-mirella.de\/index.php?rest_route=\/wp\/v2\/posts\/269"}],"collection":[{"href":"http:\/\/sail-mirella.de\/index.php?rest_route=\/wp\/v2\/posts"}],"about":[{"href":"http:\/\/sail-mirella.de\/index.php?rest_route=\/wp\/v2\/types\/post"}],"author":[{"embeddable":true,"href":"http:\/\/sail-mirella.de\/index.php?rest_route=\/wp\/v2\/users\/1"}],"replies":[{"embeddable":true,"href":"http:\/\/sail-mirella.de\/index.php?rest_route=%2Fwp%2Fv2%2Fcomments&post=269"}],"version-history":[{"count":1,"href":"http:\/\/sail-mirella.de\/index.php?rest_route=\/wp\/v2\/posts\/269\/revisions"}],"predecessor-version":[{"id":276,"href":"http:\/\/sail-mirella.de\/index.php?rest_route=\/wp\/v2\/posts\/269\/revisions\/276"}],"wp:attachment":[{"href":"http:\/\/sail-mirella.de\/index.php?rest_route=%2Fwp%2Fv2%2Fmedia&parent=269"}],"wp:term":[{"taxonomy":"category","embeddable":true,"href":"http:\/\/sail-mirella.de\/index.php?rest_route=%2Fwp%2Fv2%2Fcategories&post=269"},{"taxonomy":"post_tag","embeddable":true,"href":"http:\/\/sail-mirella.de\/index.php?rest_route=%2Fwp%2Fv2%2Ftags&post=269"}],"curies":[{"name":"wp","href":"https:\/\/api.w.org\/{rel}","templated":true}]}}