{"id":168,"date":"2019-12-28T22:26:08","date_gmt":"2019-12-28T22:26:08","guid":{"rendered":"http:\/\/sail-mirella.de\/?p=168"},"modified":"2020-01-05T22:34:59","modified_gmt":"2020-01-05T21:34:59","slug":"28-12-19-nun-gehts-richtig-los","status":"publish","type":"post","link":"http:\/\/sail-mirella.de\/?p=168","title":{"rendered":"28.12.19 nun geht\u00b4s richtig los"},"content":{"rendered":"<p>Heute wollen wir bei Mirella mit der Sanierung durchstarten. D.h. warme Kleidung an und ab in die Halle. Stephi m\u00f6chte Lack abziehen und dabei wundersch\u00f6nes Holz freilegen, ich m\u00f6chte das Thema Vorschiffkoje angehen. Diese sind sehr hoch angebracht (wenig Freiraum zwischen Matratze und Deck) und 2 Einzelkojen. Wir m\u00f6chten gerne eine Doppelkoje haben und diese so tief wie m\u00f6glich zum bequemeren \u201eEinsteigen\u201c. Begrenzt wird dieses durch den Mast hinten und den ansteigenden Bug vorne.<\/p>\n<p>Also suchen wir erstmal Kratzwerkzeuge und Hei\u00dfluftf\u00f6n zusammen. Da ein Teil des Lacks schon ab ist, geht es um fein- und weiterkratzen. Kurze Einweisung und Stephi legt los:<\/p>\n<figure id=\"attachment_173\" aria-describedby=\"caption-attachment-173\" style=\"width: 225px\" class=\"wp-caption alignnone\"><img loading=\"lazy\" decoding=\"async\" class=\"wp-image-173 size-medium\" src=\"http:\/\/sail-mirella.de\/wp-content\/uploads\/2020\/01\/stephi-kratzen-sitzen-225x300.jpg\" alt=\"\" width=\"225\" height=\"300\" srcset=\"http:\/\/sail-mirella.de\/wp-content\/uploads\/2020\/01\/stephi-kratzen-sitzen-225x300.jpg 225w, http:\/\/sail-mirella.de\/wp-content\/uploads\/2020\/01\/stephi-kratzen-sitzen-768x1024.jpg 768w, http:\/\/sail-mirella.de\/wp-content\/uploads\/2020\/01\/stephi-kratzen-sitzen-1152x1536.jpg 1152w, http:\/\/sail-mirella.de\/wp-content\/uploads\/2020\/01\/stephi-kratzen-sitzen-1536x2048.jpg 1536w, http:\/\/sail-mirella.de\/wp-content\/uploads\/2020\/01\/stephi-kratzen-sitzen-scaled.jpg 1920w\" sizes=\"(max-width: 225px) 100vw, 225px\" \/><figcaption id=\"caption-attachment-173\" class=\"wp-caption-text\">Erstes Einarbeiten in das Kratzen auf Mirella. Das letzte Lackabziehen bei Stephi liegt schon einige Jahre zur\u00fcck, damals an Ihrem Holz-Jollenkreutzer&#8230;..<\/figcaption><\/figure>\n<p>Ich suche mir den Akkuschrauber und sonstiges Werkzeug zusammen, um die alten Kojen zu demontieren. Stephi kratzt \u00fcber mir an Deck, ich nehme noch ein paar Ma\u00dfe und notiere sie, da die Kojen zur Zeit nicht waagerecht sind, sondern Richtung Bug abfallen. Das Schiff steht mit der Nase tiefer als in Schwimmlage. Das hei\u00dft, ich muss sp\u00e4ter das gleiche \u201eGef\u00e4lle\u201c hinbekommen, damit es im Wasser wieder gerade ist und man nicht mit dem Kopf bergab schl\u00e4ft. Dann geht das Ausr\u00e4umen los. Matratzen raus, Seekarten, die noch in einem Fach unter der Koje liegen, raus, Licht rein und Akkuschrauber ran. St\u00fcck f\u00fcr St\u00fcck demontiere ich die Kojen bis ein sehr ger\u00e4umiges Vorschiff vor mir liegt.<\/p>\n<p>Stephi hat sich in der Zeit um unser Vorluk herumgearbeitet, alles feingekratzt, so kann man es schleifen. Kurze Beratung, was wir am Aufbau noch abziehen wollen, dann kratzt Stephi weiter. Und ich messe auf, wie tief wir mit den Kojen kommen. Es werden wohl so 15-20cm. H\u00f6rt sich nicht viel an, sind aber Welten, wenn man vorher gerade mal Schulterbreite plus 5cm hatte zur Decke.<\/p>\n<p><img loading=\"lazy\" decoding=\"async\" class=\"alignnone size-medium wp-image-174\" src=\"http:\/\/sail-mirella.de\/wp-content\/uploads\/2020\/01\/stephi-luk-kratzen-225x300.jpg\" alt=\"\" width=\"225\" height=\"300\" srcset=\"http:\/\/sail-mirella.de\/wp-content\/uploads\/2020\/01\/stephi-luk-kratzen-225x300.jpg 225w, http:\/\/sail-mirella.de\/wp-content\/uploads\/2020\/01\/stephi-luk-kratzen-768x1024.jpg 768w, http:\/\/sail-mirella.de\/wp-content\/uploads\/2020\/01\/stephi-luk-kratzen-1152x1536.jpg 1152w, http:\/\/sail-mirella.de\/wp-content\/uploads\/2020\/01\/stephi-luk-kratzen-1536x2048.jpg 1536w, http:\/\/sail-mirella.de\/wp-content\/uploads\/2020\/01\/stephi-luk-kratzen-scaled.jpg 1920w\" sizes=\"(max-width: 225px) 100vw, 225px\" \/><\/p>\n<p>Danach r\u00e4ume ich noch 3 Kisten und die Polster aus Vorkoje und Salon aus dem Schiff, nun ist wirklich fast alles von Bord.<\/p>\n<p>Wir beide sind am Abend sehr zufrieden mit dem Geleisteten und machen uns auf die Suche nach gebrauchten Lattenrosten, die ich f\u00fcr Mirellas Vorschiff umbauen m\u00f6chte. Komfort soll Einzug halten.<\/p>\n","protected":false},"excerpt":{"rendered":"<p>Heute wollen wir bei Mirella mit der Sanierung durchstarten. D.h. warme Kleidung an und ab in die Halle. Stephi m\u00f6chte Lack abziehen und dabei wundersch\u00f6nes Holz freilegen, ich m\u00f6chte das Thema Vorschiffkoje angehen. Diese sind sehr hoch angebracht (wenig Freiraum zwischen Matratze und Deck) und 2 Einzelkojen. Wir m\u00f6chten gerne eine Doppelkoje haben und diese &hellip; <\/p>\n<p class=\"link-more\"><a href=\"http:\/\/sail-mirella.de\/?p=168\" class=\"more-link\"><span class=\"screen-reader-text\">\u201e28.12.19 nun geht\u00b4s richtig los\u201c<\/span> weiterlesen<\/a><\/p>\n","protected":false},"author":1,"featured_media":0,"comment_status":"open","ping_status":"open","sticky":false,"template":"","format":"standard","meta":{"footnotes":""},"categories":[1],"tags":[],"_links":{"self":[{"href":"http:\/\/sail-mirella.de\/index.php?rest_route=\/wp\/v2\/posts\/168"}],"collection":[{"href":"http:\/\/sail-mirella.de\/index.php?rest_route=\/wp\/v2\/posts"}],"about":[{"href":"http:\/\/sail-mirella.de\/index.php?rest_route=\/wp\/v2\/types\/post"}],"author":[{"embeddable":true,"href":"http:\/\/sail-mirella.de\/index.php?rest_route=\/wp\/v2\/users\/1"}],"replies":[{"embeddable":true,"href":"http:\/\/sail-mirella.de\/index.php?rest_route=%2Fwp%2Fv2%2Fcomments&post=168"}],"version-history":[{"count":5,"href":"http:\/\/sail-mirella.de\/index.php?rest_route=\/wp\/v2\/posts\/168\/revisions"}],"predecessor-version":[{"id":207,"href":"http:\/\/sail-mirella.de\/index.php?rest_route=\/wp\/v2\/posts\/168\/revisions\/207"}],"wp:attachment":[{"href":"http:\/\/sail-mirella.de\/index.php?rest_route=%2Fwp%2Fv2%2Fmedia&parent=168"}],"wp:term":[{"taxonomy":"category","embeddable":true,"href":"http:\/\/sail-mirella.de\/index.php?rest_route=%2Fwp%2Fv2%2Fcategories&post=168"},{"taxonomy":"post_tag","embeddable":true,"href":"http:\/\/sail-mirella.de\/index.php?rest_route=%2Fwp%2Fv2%2Ftags&post=168"}],"curies":[{"name":"wp","href":"https:\/\/api.w.org\/{rel}","templated":true}]}}