{"id":152,"date":"2019-08-18T21:39:10","date_gmt":"2019-08-18T21:39:10","guid":{"rendered":"http:\/\/sail-mirella.de\/?p=152"},"modified":"2020-01-05T23:23:32","modified_gmt":"2020-01-05T22:23:32","slug":"die-ersten-tage-an-bord","status":"publish","type":"post","link":"http:\/\/sail-mirella.de\/?p=152","title":{"rendered":"Die ersten Tage an Bord&#8230;."},"content":{"rendered":"<p>Am n\u00e4chsten Tag wird etwas l\u00e4nger geschlafen, nach dem Aufstehen gefr\u00fchst\u00fcckt und besprochen, wer welche\u00a0 W\u00fcnsche hat. Da Leonard noch einen Bekannten treffen m\u00f6chte (Mitpraktikant bei OTTOnow), der gerade vor ein paar Tagen sein Auslandssemester in Stockholm begonnen hat, m\u00f6chte er gerne noch in Stockholm bleiben. Und weil wir noch ein paar letzte Handgriffe tun wollen, passt ein Tag in Stockholm ganz gut.<\/p>\n<p>Und wie kann man in Stockholm cooler unterwegs sein als mit einem Boot? Also&#8230; Dinghi ausgepackt und aufgepustet, rein ins Wasser, und schon ist Leo unterwegs Richtung Slussen, vorbei an den ganzen m\u00e4rchenhaften Holzbooten &#8211; erst Segelyachten, dann Motorboote &#8211; die einen ganzen langen Kanal s\u00e4umen.<\/p>\n<p>Wir bauen, weil das Wetter nicht so stabil aussieht, die Kuchenbude auf. Leider sind die Unterteile (um die Persenning am Holz festzukn\u00f6pfen) in Kiel geblieben (ja, ich war dann wohl doch etwas m\u00fcde), aber mit ein paar B\u00e4ndseln sieht das erstmal ganz gut aus.<\/p>\n<figure id=\"attachment_155\" aria-describedby=\"caption-attachment-155\" style=\"width: 300px\" class=\"wp-caption alignnone\"><img loading=\"lazy\" decoding=\"async\" class=\"wp-image-155 size-medium\" src=\"http:\/\/sail-mirella.de\/wp-content\/uploads\/2020\/01\/PHOTO-2019-08-17-23-35-36-300x225.jpg\" alt=\"\" width=\"300\" height=\"225\" srcset=\"http:\/\/sail-mirella.de\/wp-content\/uploads\/2020\/01\/PHOTO-2019-08-17-23-35-36-300x225.jpg 300w, http:\/\/sail-mirella.de\/wp-content\/uploads\/2020\/01\/PHOTO-2019-08-17-23-35-36-1024x768.jpg 1024w, http:\/\/sail-mirella.de\/wp-content\/uploads\/2020\/01\/PHOTO-2019-08-17-23-35-36-768x576.jpg 768w, http:\/\/sail-mirella.de\/wp-content\/uploads\/2020\/01\/PHOTO-2019-08-17-23-35-36-1536x1152.jpg 1536w, http:\/\/sail-mirella.de\/wp-content\/uploads\/2020\/01\/PHOTO-2019-08-17-23-35-36.jpg 1600w\" sizes=\"(max-width: 300px) 100vw, 300px\" \/><figcaption id=\"caption-attachment-155\" class=\"wp-caption-text\">So sieht sie aus. Wir finden sie ganz gelungen. Leider, durch die fehlenden Kn\u00f6pfe, noch nicht stramm. Das kommt sp\u00e4ter, sobald wir Knopfunterteile haben.<\/figcaption><\/figure>\n<p>Au\u00dferdem baue ich das Holz f\u00fcr das E-Panel ein, welches Bart so sch\u00f6n vorbereitet hat. Nun haben wir auch \u201erichtig\u201c Strom und ich einen Ausgangspunkt f\u00fcr zus\u00e4tzliche Stromf\u00fchrungen.<\/p>\n<p>Nachmittags kommen Leo und David vorbei, um das Dinghi zu parken und Kaffee und Bulle (schwedisches Kaffeegeb\u00e4ck in mannigfaltiger Form) mit uns zu genie\u00dfen. Da es leicht regnet, genie\u00dfen wir dies in der Kuchenbude mit herrlichen Ausblick. So war es gedacht!<\/p>\n<figure id=\"attachment_158\" aria-describedby=\"caption-attachment-158\" style=\"width: 300px\" class=\"wp-caption alignnone\"><img loading=\"lazy\" decoding=\"async\" class=\"wp-image-158 size-medium\" src=\"http:\/\/sail-mirella.de\/wp-content\/uploads\/2019\/08\/PHOTO-2019-08-17-23-35-37-300x169.jpg\" alt=\"\" width=\"300\" height=\"169\" srcset=\"http:\/\/sail-mirella.de\/wp-content\/uploads\/2019\/08\/PHOTO-2019-08-17-23-35-37-300x169.jpg 300w, http:\/\/sail-mirella.de\/wp-content\/uploads\/2019\/08\/PHOTO-2019-08-17-23-35-37-1024x576.jpg 1024w, http:\/\/sail-mirella.de\/wp-content\/uploads\/2019\/08\/PHOTO-2019-08-17-23-35-37-768x432.jpg 768w, http:\/\/sail-mirella.de\/wp-content\/uploads\/2019\/08\/PHOTO-2019-08-17-23-35-37-1536x864.jpg 1536w, http:\/\/sail-mirella.de\/wp-content\/uploads\/2019\/08\/PHOTO-2019-08-17-23-35-37.jpg 1600w\" sizes=\"(max-width: 300px) 100vw, 300px\" \/><figcaption id=\"caption-attachment-158\" class=\"wp-caption-text\">Die Kuchenbude mit gro\u00dfen Fenstern: gibt viel Licht und guten Ausblick, au\u00dferdem macht es die Kuchenbude von aussen optisch &#8222;leichter&#8220;.<\/figcaption><\/figure>\n<p>Danach baden die beiden noch eine Runde. Wir halten uns vornehm zur\u00fcck &#8211; so hei\u00df finden wir es nun nicht.<\/p>\n<p>Dann brechen sie auf Richtung Nachtleben. Wir machen noch dies und das, schauen Br\u00fccken\u00f6ffungszeiten nach, kochen und essen, lesen ein wenig im Cockpit.<\/p>\n<figure id=\"attachment_159\" aria-describedby=\"caption-attachment-159\" style=\"width: 300px\" class=\"wp-caption alignnone\"><img loading=\"lazy\" decoding=\"async\" class=\"wp-image-159 size-medium\" src=\"http:\/\/sail-mirella.de\/wp-content\/uploads\/2019\/08\/kuchenbude-innen-Abends-300x225.jpg\" alt=\"\" width=\"300\" height=\"225\" srcset=\"http:\/\/sail-mirella.de\/wp-content\/uploads\/2019\/08\/kuchenbude-innen-Abends-300x225.jpg 300w, http:\/\/sail-mirella.de\/wp-content\/uploads\/2019\/08\/kuchenbude-innen-Abends-1024x768.jpg 1024w, http:\/\/sail-mirella.de\/wp-content\/uploads\/2019\/08\/kuchenbude-innen-Abends-768x576.jpg 768w, http:\/\/sail-mirella.de\/wp-content\/uploads\/2019\/08\/kuchenbude-innen-Abends-1536x1152.jpg 1536w, http:\/\/sail-mirella.de\/wp-content\/uploads\/2019\/08\/kuchenbude-innen-Abends.jpg 1600w\" sizes=\"(max-width: 300px) 100vw, 300px\" \/><figcaption id=\"caption-attachment-159\" class=\"wp-caption-text\">Abends in der Kuchenbude, z\u00fcnftig mit Petroleumlampe.<\/figcaption><\/figure>\n<p>Am n\u00e4chsten Morgen wird wieder ausgeschlafen und sch\u00f6n gefr\u00fchst\u00fcckt. Heute wollen wir aus dem Binnensee (M\u00e4laren) nach Djurgarden (Innenstadt, aber Ostsee) verholen, das hei\u00dft 2 Klappbr\u00fccken und eine Schleuse passieren. Das Wetter soll nicht so toll sein, aber Regen erst sp\u00e4ter (das Wetterradar wird den Tag \u00fcber gut \u00fcberwacht, es bleibt viel besser als angesagt.)<\/p>\n<p>Also legen wir ab und verholen als erstes zur Tankstelle Richtung Schlussen. Das ist die entgegengesetzte Richtung, aber da wir nicht wissen, wo es wieder Benzin gibt, ob der Motor wirklich so wenig verbraucht, wie die Eigner versicherten (tut er, eher weniger) und wieviel im Tank ist, fahren wir erstmal zur Tanstelle.<\/p>\n<p>Dort f\u00fcllen wir alle Kanister und den Tank. F\u00fcr uns gibt es ein Softeis!<\/p>\n<p>Und dann endlich der Aufbruch Richtung \u201eMeer\u201c.<\/p>\n<p>Ein letztes Mal vorbei an unserem Liegeplatz, den wir jetzt schon sehr liebgewonnen haben. Ein kurzer Zwischenstopp an der n\u00e4chsten Insel, um den Br\u00fcckenschl\u00fcssel abzugeben. Dann Kurs auf die erste Br\u00fccke, vor der wir mit einigen Booten kurz warten, dann gibt es Signal und die Br\u00fccke \u00f6ffnet sich.<\/p>\n<p><img loading=\"lazy\" decoding=\"async\" class=\"alignnone size-medium wp-image-182\" src=\"http:\/\/sail-mirella.de\/wp-content\/uploads\/2019\/08\/IMG_8510-300x200.jpg\" alt=\"\" width=\"300\" height=\"200\" srcset=\"http:\/\/sail-mirella.de\/wp-content\/uploads\/2019\/08\/IMG_8510-300x200.jpg 300w, http:\/\/sail-mirella.de\/wp-content\/uploads\/2019\/08\/IMG_8510-1024x683.jpg 1024w, http:\/\/sail-mirella.de\/wp-content\/uploads\/2019\/08\/IMG_8510-768x512.jpg 768w, http:\/\/sail-mirella.de\/wp-content\/uploads\/2019\/08\/IMG_8510-1536x1024.jpg 1536w, http:\/\/sail-mirella.de\/wp-content\/uploads\/2019\/08\/IMG_8510-2048x1365.jpg 2048w\" sizes=\"(max-width: 300px) 100vw, 300px\" \/><\/p>\n<p><img loading=\"lazy\" decoding=\"async\" class=\"alignnone size-medium wp-image-183\" src=\"http:\/\/sail-mirella.de\/wp-content\/uploads\/2019\/08\/IMG_8512-200x300.jpg\" alt=\"\" width=\"200\" height=\"300\" srcset=\"http:\/\/sail-mirella.de\/wp-content\/uploads\/2019\/08\/IMG_8512-200x300.jpg 200w, http:\/\/sail-mirella.de\/wp-content\/uploads\/2019\/08\/IMG_8512-683x1024.jpg 683w, http:\/\/sail-mirella.de\/wp-content\/uploads\/2019\/08\/IMG_8512-768x1152.jpg 768w, http:\/\/sail-mirella.de\/wp-content\/uploads\/2019\/08\/IMG_8512-1024x1536.jpg 1024w, http:\/\/sail-mirella.de\/wp-content\/uploads\/2019\/08\/IMG_8512-1365x2048.jpg 1365w, http:\/\/sail-mirella.de\/wp-content\/uploads\/2019\/08\/IMG_8512-scaled.jpg 1707w\" sizes=\"(max-width: 200px) 100vw, 200px\" \/><\/p>\n<p>Wir gleiten durch die beiden Br\u00fccken und halten Kurs auf ein Br\u00fcckenpaar, welches hoch genug f\u00fcr unseren Mast ist. Die Br\u00fccke f\u00fchrt an Bb \u00fcber eine Insel, die ein Naturschutzgebiet ist und nicht betreten werden darf. 20 Minuten sp\u00e4ter sind wir vor einer Br\u00fccken-Schleusen-Kombination, vor der wir wieder warten m\u00fcssen. Eigentlich sind wir erstes Schiff, aber die Wasserschutzpolizei, die nach uns ankam, macht uns deutlich, dass sie als erstes fahren werden. Egal, wir haben ja Urlaub und so sind wir die nach der Schleuse auch gleich los.<\/p>\n<p>Die Br\u00fccke \u00f6ffnet sich mit der Schleuse, welche erstmal ein paar Boote ausspuckt. Es ist Sonntagnachmittag und daher kommen einige Schiffe zur\u00fcck in die Stadt. Die WaschPo, wir und ein weiteres Boot fahren ein. Die Boote vor uns legen Bb an, wir an Stbd. Die Schleuse wird geflutet &#8211; ahh, deswegen Bb, dr\u00fcben wird bezahlt. Das Personal winkt aber ab, wir sollen einfach auslaufen. Nach einer kurzen Kanalfahrt an Wohnschiffen, Szenelokalen und hippen Wohnungen vorbei gleitet Mirella in das Stockholmer Hafengebiet. An Backbord liegen Kreuzfahrer, \u00fcberall um uns herum Ausflugsboote &#8211; hier herrscht Trubel.<\/p>\n<p><img loading=\"lazy\" decoding=\"async\" class=\"alignnone size-medium wp-image-185\" src=\"http:\/\/sail-mirella.de\/wp-content\/uploads\/2019\/08\/IMG_8521-200x300.jpg\" alt=\"\" width=\"200\" height=\"300\" srcset=\"http:\/\/sail-mirella.de\/wp-content\/uploads\/2019\/08\/IMG_8521-200x300.jpg 200w, http:\/\/sail-mirella.de\/wp-content\/uploads\/2019\/08\/IMG_8521-683x1024.jpg 683w, http:\/\/sail-mirella.de\/wp-content\/uploads\/2019\/08\/IMG_8521-768x1152.jpg 768w, http:\/\/sail-mirella.de\/wp-content\/uploads\/2019\/08\/IMG_8521-1024x1536.jpg 1024w, http:\/\/sail-mirella.de\/wp-content\/uploads\/2019\/08\/IMG_8521-1365x2048.jpg 1365w, http:\/\/sail-mirella.de\/wp-content\/uploads\/2019\/08\/IMG_8521-scaled.jpg 1707w\" sizes=\"(max-width: 200px) 100vw, 200px\" \/><\/p>\n<p>Einmal diagonal r\u00fcber in die Zufahrt zum Wasahamn auf Djurholmen. Nun wird es interessant: erstes Anlagen in engerem Raum mit einigem Schwell von den zahlreichen Schiffen, die hin- und herfahren. Aber wir bekommen es gut hin, ein deutsches Ehepaar nimmt die Leinen an, geschafft.<\/p>\n<p><img loading=\"lazy\" decoding=\"async\" class=\"alignnone size-medium wp-image-187\" src=\"http:\/\/sail-mirella.de\/wp-content\/uploads\/2019\/08\/IMG_8525-300x200.jpg\" alt=\"\" width=\"300\" height=\"200\" srcset=\"http:\/\/sail-mirella.de\/wp-content\/uploads\/2019\/08\/IMG_8525-300x200.jpg 300w, http:\/\/sail-mirella.de\/wp-content\/uploads\/2019\/08\/IMG_8525-1024x683.jpg 1024w, http:\/\/sail-mirella.de\/wp-content\/uploads\/2019\/08\/IMG_8525-768x512.jpg 768w, http:\/\/sail-mirella.de\/wp-content\/uploads\/2019\/08\/IMG_8525-1536x1024.jpg 1536w, http:\/\/sail-mirella.de\/wp-content\/uploads\/2019\/08\/IMG_8525-2048x1365.jpg 2048w\" sizes=\"(max-width: 300px) 100vw, 300px\" \/>\u00a0 <img loading=\"lazy\" decoding=\"async\" class=\"alignnone size-medium wp-image-186\" src=\"http:\/\/sail-mirella.de\/wp-content\/uploads\/2019\/08\/IMG_8524-300x200.jpg\" alt=\"\" width=\"300\" height=\"200\" srcset=\"http:\/\/sail-mirella.de\/wp-content\/uploads\/2019\/08\/IMG_8524-300x200.jpg 300w, http:\/\/sail-mirella.de\/wp-content\/uploads\/2019\/08\/IMG_8524-1024x683.jpg 1024w, http:\/\/sail-mirella.de\/wp-content\/uploads\/2019\/08\/IMG_8524-768x512.jpg 768w, http:\/\/sail-mirella.de\/wp-content\/uploads\/2019\/08\/IMG_8524-1536x1024.jpg 1536w, http:\/\/sail-mirella.de\/wp-content\/uploads\/2019\/08\/IMG_8524-2048x1365.jpg 2048w\" sizes=\"(max-width: 300px) 100vw, 300px\" \/><\/p>\n<p>Wir schauen uns den Hafen beim Landgang an und sehen, dass weiter drinnen bei der Hafenmeisterin einige Pl\u00e4tze frei sind. Dort ist es deutlich ruhiger, kaum Schwell. Wir beschlie\u00dfen, dorthin zu verholen. Auch das klappt super. An Heckboje fest, Bugsprit gen Land. An Steuerbord der Freizeitpark, Backbord das Wasamuseum, fu\u00dfl\u00e4ufig Gamlastan (die Altstadt) &#8211; der perfekte Hafen f\u00fcr Stadttage in Stockholm.<\/p>\n<p>Leo meint, wir m\u00fcssen mal E-Scooter fahren. Also mieten wir die gr\u00fcnen Flitzer und nach kurzer Einweisung durch Leo rollen wir Richtung Stadt. Es ist schon bequemer als zu Fu\u00df, wir kommen weiter und Spa\u00df macht es auch. So erkunden wir Djurgarden und S\u00f6dermalm, die Insel, auf der auch Michael Blomkvist und Lisbeth Salander oft verkehren.<\/p>\n<p>Ein Stopp im Caf\u00e9 am Wasser bringt uns leckeren Kaffee und Kuchen und einen sch\u00f6nen Ausblick \u00fcber den Hafen auf Gamlastan.<\/p>\n<p>Auf dem R\u00fcckweg kaufen wir ein und und kehren danach zu Fu\u00df an Bord zur\u00fcck. Leo f\u00e4hrt Roller bis fast zum Schiff, da der Roller zwar abgemeldet ist aber erstaunlicherweise immer noch f\u00e4hrt.<\/p>\n<p>Ein z\u00fcnftiges Essen an Bord folgt (Burger), dann machen wir noch die T\u00f6rnplanung f\u00fcr morgen. Denn nun wollen wir endlich in den Sch\u00e4rengarten!<\/p>\n<figure id=\"attachment_193\" aria-describedby=\"caption-attachment-193\" style=\"width: 300px\" class=\"wp-caption alignnone\"><img loading=\"lazy\" decoding=\"async\" class=\"wp-image-193 size-medium\" src=\"http:\/\/sail-mirella.de\/wp-content\/uploads\/2019\/08\/IMG_8557-300x200.jpg\" alt=\"\" width=\"300\" height=\"200\" srcset=\"http:\/\/sail-mirella.de\/wp-content\/uploads\/2019\/08\/IMG_8557-300x200.jpg 300w, http:\/\/sail-mirella.de\/wp-content\/uploads\/2019\/08\/IMG_8557-1024x683.jpg 1024w, http:\/\/sail-mirella.de\/wp-content\/uploads\/2019\/08\/IMG_8557-768x512.jpg 768w, http:\/\/sail-mirella.de\/wp-content\/uploads\/2019\/08\/IMG_8557-1536x1024.jpg 1536w, http:\/\/sail-mirella.de\/wp-content\/uploads\/2019\/08\/IMG_8557-2048x1365.jpg 2048w\" sizes=\"(max-width: 300px) 100vw, 300px\" \/><figcaption id=\"caption-attachment-193\" class=\"wp-caption-text\">Heute gibt esBurger mit Kartoffelspalten<\/figcaption><\/figure>\n<p><img loading=\"lazy\" decoding=\"async\" class=\"alignnone size-medium wp-image-194\" src=\"http:\/\/sail-mirella.de\/wp-content\/uploads\/2019\/08\/IMG_8560-300x200.jpg\" alt=\"\" width=\"300\" height=\"200\" srcset=\"http:\/\/sail-mirella.de\/wp-content\/uploads\/2019\/08\/IMG_8560-300x200.jpg 300w, http:\/\/sail-mirella.de\/wp-content\/uploads\/2019\/08\/IMG_8560-1024x683.jpg 1024w, http:\/\/sail-mirella.de\/wp-content\/uploads\/2019\/08\/IMG_8560-768x512.jpg 768w, http:\/\/sail-mirella.de\/wp-content\/uploads\/2019\/08\/IMG_8560-1536x1024.jpg 1536w, http:\/\/sail-mirella.de\/wp-content\/uploads\/2019\/08\/IMG_8560-2048x1365.jpg 2048w\" sizes=\"(max-width: 300px) 100vw, 300px\" \/><\/p>\n","protected":false},"excerpt":{"rendered":"<p>Am n\u00e4chsten Tag wird etwas l\u00e4nger geschlafen, nach dem Aufstehen gefr\u00fchst\u00fcckt und besprochen, wer welche\u00a0 W\u00fcnsche hat. Da Leonard noch einen Bekannten treffen m\u00f6chte (Mitpraktikant bei OTTOnow), der gerade vor ein paar Tagen sein Auslandssemester in Stockholm begonnen hat, m\u00f6chte er gerne noch in Stockholm bleiben. Und weil wir noch ein paar letzte Handgriffe tun &hellip; <\/p>\n<p class=\"link-more\"><a href=\"http:\/\/sail-mirella.de\/?p=152\" class=\"more-link\"><span class=\"screen-reader-text\">\u201eDie ersten Tage an Bord&#8230;.\u201c<\/span> weiterlesen<\/a><\/p>\n","protected":false},"author":1,"featured_media":0,"comment_status":"open","ping_status":"open","sticky":false,"template":"","format":"standard","meta":{"footnotes":""},"categories":[1],"tags":[],"_links":{"self":[{"href":"http:\/\/sail-mirella.de\/index.php?rest_route=\/wp\/v2\/posts\/152"}],"collection":[{"href":"http:\/\/sail-mirella.de\/index.php?rest_route=\/wp\/v2\/posts"}],"about":[{"href":"http:\/\/sail-mirella.de\/index.php?rest_route=\/wp\/v2\/types\/post"}],"author":[{"embeddable":true,"href":"http:\/\/sail-mirella.de\/index.php?rest_route=\/wp\/v2\/users\/1"}],"replies":[{"embeddable":true,"href":"http:\/\/sail-mirella.de\/index.php?rest_route=%2Fwp%2Fv2%2Fcomments&post=152"}],"version-history":[{"count":6,"href":"http:\/\/sail-mirella.de\/index.php?rest_route=\/wp\/v2\/posts\/152\/revisions"}],"predecessor-version":[{"id":212,"href":"http:\/\/sail-mirella.de\/index.php?rest_route=\/wp\/v2\/posts\/152\/revisions\/212"}],"wp:attachment":[{"href":"http:\/\/sail-mirella.de\/index.php?rest_route=%2Fwp%2Fv2%2Fmedia&parent=152"}],"wp:term":[{"taxonomy":"category","embeddable":true,"href":"http:\/\/sail-mirella.de\/index.php?rest_route=%2Fwp%2Fv2%2Fcategories&post=152"},{"taxonomy":"post_tag","embeddable":true,"href":"http:\/\/sail-mirella.de\/index.php?rest_route=%2Fwp%2Fv2%2Ftags&post=152"}],"curies":[{"name":"wp","href":"https:\/\/api.w.org\/{rel}","templated":true}]}}