{"id":129,"date":"2019-12-26T21:16:23","date_gmt":"2019-12-26T21:16:23","guid":{"rendered":"http:\/\/sail-mirella.de\/?p=129"},"modified":"2020-01-05T22:56:12","modified_gmt":"2020-01-05T21:56:12","slug":"mal-wieder-zeit-zu-arbeiten","status":"publish","type":"post","link":"http:\/\/sail-mirella.de\/?p=129","title":{"rendered":"\u2026.Mal wieder Zeit zu Arbeiten:"},"content":{"rendered":"<p>Es ist kurz vor Weihnachten und und da Mirellas Mast (fast) fertig vorbereitet ist, hat Bart ihn fertig geschliffen, in unser verl\u00e4ngerten Lackierhalle aufgebaut und das erste Mal lackiert (Epifanes mit 50% Verd\u00fcnnung). Wir haben uns f\u00fcr Epifanes entschieden, da der Lack eine sehr gute Elastizit\u00e4t hat und dabei einen sehr guten Glanz.<\/p>\n<p>Den 2. Gang (25% verd\u00fcnnt) habe ich dann am 21. Dezember 2019 mit dem Pinsel aufgetragen. Danach aber hatte ich vom Pinsel genug und beschloss, die n\u00e4chsten G\u00e4nge zu spritzen. Am Tag vor Weihnachten waren Klaudiusz und ich in der Firma und haben eine Lackiersession gemacht. Erst deckten wir den Carbonmast ab, den ich 2 Tage vorher lackiert hatte, damit er keinen Lackiernebel abbekommt. Dann mischten wir Farbe an, auf 20 Din sec. eingestellt, Sata 2000HVLP Pistole mit 1,3er D\u00fcse, und los ging es. Abwechselnd haben wir &#8211; erst ich &#8211; den Gro\u00dfbaum, dann Klaudiusz den Bugspriet, dann wir beide je einen halben Mast lackiert. Die 2. Lage gleich hinterher, dann ersteinmal stehen lassen &#8211; schauen was passiert (ist das erste Mal, dass ich 1-K-Klarlack lackiere).<\/p>\n<p>Am 2. Weihnachtstag habe ich nachgesehen. Der Mast sah sehr gut aus, der Lack hat sich sch\u00f6n glattgezogen. Also lege ich gleich wieder los: Anschleifen, abwischen und nochmal 3 Durchg\u00e4nge lackieren.<br \/>\nAuch diese sind nach 24 Stunden schon gut anfassbar, aber nat\u00fcrlich noch nicht durchgeh\u00e4rtet.<\/p>\n<p>Das Ergebnis l\u00e4sst sich sehen. Im neuen Jahr sollen dann nochmal 4 Lagen drauf. Nun aber ist erstmal Pause, denn in unserer Lackierhalle stehen 2 Mitarbeiter-Boote: Bart und Frauke sind dabei, ihre sch\u00f6ne Esprit von DeDood zu schleifen und f\u00fcr die Rumpflackierung vorzubereiten. Und Lorenz arbeitet an seiner Halberg Mistral. Da m\u00f6chte ich nicht durch die Gegend nebeln &#8211; gibt ja genug anderes zu tun .<\/p>\n<figure id=\"attachment_139\" aria-describedby=\"caption-attachment-139\" style=\"width: 300px\" class=\"wp-caption alignnone\"><img loading=\"lazy\" decoding=\"async\" class=\"size-medium wp-image-139\" src=\"http:\/\/sail-mirella.de\/wp-content\/uploads\/2019\/12\/IMG_1127-scaled-e1578088004573-300x225.jpg\" alt=\"\" width=\"300\" height=\"225\" srcset=\"http:\/\/sail-mirella.de\/wp-content\/uploads\/2019\/12\/IMG_1127-scaled-e1578088004573-300x225.jpg 300w, http:\/\/sail-mirella.de\/wp-content\/uploads\/2019\/12\/IMG_1127-scaled-e1578088004573-1024x768.jpg 1024w, http:\/\/sail-mirella.de\/wp-content\/uploads\/2019\/12\/IMG_1127-scaled-e1578088004573-768x576.jpg 768w, http:\/\/sail-mirella.de\/wp-content\/uploads\/2019\/12\/IMG_1127-scaled-e1578088004573-1536x1152.jpg 1536w, http:\/\/sail-mirella.de\/wp-content\/uploads\/2019\/12\/IMG_1127-scaled-e1578088004573-2048x1536.jpg 2048w\" sizes=\"(max-width: 300px) 100vw, 300px\" \/><figcaption id=\"caption-attachment-139\" class=\"wp-caption-text\">Mast mit 4 Lagen Lack. 2 x Pinsel, 2 Lagen gespritzt.<\/figcaption><\/figure>\n<figure id=\"attachment_144\" aria-describedby=\"caption-attachment-144\" style=\"width: 225px\" class=\"wp-caption alignnone\"><img loading=\"lazy\" decoding=\"async\" class=\"size-medium wp-image-144\" src=\"http:\/\/sail-mirella.de\/wp-content\/uploads\/2019\/12\/IMG_1152-225x300.jpg\" alt=\"\" width=\"225\" height=\"300\" srcset=\"http:\/\/sail-mirella.de\/wp-content\/uploads\/2019\/12\/IMG_1152-225x300.jpg 225w, http:\/\/sail-mirella.de\/wp-content\/uploads\/2019\/12\/IMG_1152-768x1024.jpg 768w, http:\/\/sail-mirella.de\/wp-content\/uploads\/2019\/12\/IMG_1152-1152x1536.jpg 1152w, http:\/\/sail-mirella.de\/wp-content\/uploads\/2019\/12\/IMG_1152-1536x2048.jpg 1536w, http:\/\/sail-mirella.de\/wp-content\/uploads\/2019\/12\/IMG_1152-scaled.jpg 1920w\" sizes=\"(max-width: 225px) 100vw, 225px\" \/><figcaption id=\"caption-attachment-144\" class=\"wp-caption-text\">Mast mit 6 Lagen, sch\u00f6ner Glanz und sch\u00f6ne Deckung.<\/figcaption><\/figure>\n","protected":false},"excerpt":{"rendered":"<p>Es ist kurz vor Weihnachten und und da Mirellas Mast (fast) fertig vorbereitet ist, hat Bart ihn fertig geschliffen, in unser verl\u00e4ngerten Lackierhalle aufgebaut und das erste Mal lackiert (Epifanes mit 50% Verd\u00fcnnung). Wir haben uns f\u00fcr Epifanes entschieden, da der Lack eine sehr gute Elastizit\u00e4t hat und dabei einen sehr guten Glanz. Den 2. &hellip; <\/p>\n<p class=\"link-more\"><a href=\"http:\/\/sail-mirella.de\/?p=129\" class=\"more-link\"><span class=\"screen-reader-text\">\u201e\u2026.Mal wieder Zeit zu Arbeiten:\u201c<\/span> weiterlesen<\/a><\/p>\n","protected":false},"author":1,"featured_media":0,"comment_status":"open","ping_status":"open","sticky":false,"template":"","format":"standard","meta":{"footnotes":""},"categories":[1],"tags":[],"_links":{"self":[{"href":"http:\/\/sail-mirella.de\/index.php?rest_route=\/wp\/v2\/posts\/129"}],"collection":[{"href":"http:\/\/sail-mirella.de\/index.php?rest_route=\/wp\/v2\/posts"}],"about":[{"href":"http:\/\/sail-mirella.de\/index.php?rest_route=\/wp\/v2\/types\/post"}],"author":[{"embeddable":true,"href":"http:\/\/sail-mirella.de\/index.php?rest_route=\/wp\/v2\/users\/1"}],"replies":[{"embeddable":true,"href":"http:\/\/sail-mirella.de\/index.php?rest_route=%2Fwp%2Fv2%2Fcomments&post=129"}],"version-history":[{"count":8,"href":"http:\/\/sail-mirella.de\/index.php?rest_route=\/wp\/v2\/posts\/129\/revisions"}],"predecessor-version":[{"id":209,"href":"http:\/\/sail-mirella.de\/index.php?rest_route=\/wp\/v2\/posts\/129\/revisions\/209"}],"wp:attachment":[{"href":"http:\/\/sail-mirella.de\/index.php?rest_route=%2Fwp%2Fv2%2Fmedia&parent=129"}],"wp:term":[{"taxonomy":"category","embeddable":true,"href":"http:\/\/sail-mirella.de\/index.php?rest_route=%2Fwp%2Fv2%2Fcategories&post=129"},{"taxonomy":"post_tag","embeddable":true,"href":"http:\/\/sail-mirella.de\/index.php?rest_route=%2Fwp%2Fv2%2Ftags&post=129"}],"curies":[{"name":"wp","href":"https:\/\/api.w.org\/{rel}","templated":true}]}}